{"id":12319,"date":"2025-03-02T12:22:54","date_gmt":"2025-03-02T11:22:54","guid":{"rendered":"https:\/\/meier-gerdingh.de\/wp-spd-ob\/?p=12319"},"modified":"2025-03-02T12:23:55","modified_gmt":"2025-03-02T11:23:55","slug":"spd-in-alstaden-und-lirich-stellt-sich-neu-auf","status":"publish","type":"post","link":"https:\/\/meier-gerdingh.de\/wp-spd-ob\/2025\/03\/02\/spd-in-alstaden-und-lirich-stellt-sich-neu-auf\/","title":{"rendered":"SPD in Alstaden und Lirich stellt sich neu auf"},"content":{"rendered":"<div id=\"attachment_12317\" style=\"width: 710px\" class=\"wp-caption aligncenter\"><a href=\"https:\/\/meier-gerdingh.de\/wp-spd-ob\/wp-content\/uploads\/2025\/03\/ov-west-jhv-25-02-08-vorstand-lg.jpg\"><img aria-describedby=\"caption-attachment-12317\" decoding=\"async\" class=\"size-full wp-image-12317\" src=\"https:\/\/meier-gerdingh.de\/wp-spd-ob\/wp-content\/uploads\/2025\/03\/ov-west-jhv-25-02-08-vorstand.jpg\" alt=\"\" width=\"700\" height=\"403\" srcset=\"https:\/\/meier-gerdingh.de\/wp-spd-ob\/wp-content\/uploads\/2025\/03\/ov-west-jhv-25-02-08-vorstand.jpg 700w, https:\/\/meier-gerdingh.de\/wp-spd-ob\/wp-content\/uploads\/2025\/03\/ov-west-jhv-25-02-08-vorstand-300x173.jpg 300w\" sizes=\"(max-width: 700px) 100vw, 700px\" \/><\/a><p id=\"caption-attachment-12317\" class=\"wp-caption-text\">Der neugew\u00e4hlte Vorstand der SPD in Alstaden und Lirich<\/p><\/div>\n<div id=\"attachment_12315\" style=\"width: 250px\" class=\"wp-caption alignleft\"><a href=\"https:\/\/meier-gerdingh.de\/wp-spd-ob\/wp-content\/uploads\/2025\/03\/ov-west-alexis-heitmann-2025-lg.jpg\"><img aria-describedby=\"caption-attachment-12315\" decoding=\"async\" class=\"size-full wp-image-12315\" src=\"https:\/\/meier-gerdingh.de\/wp-spd-ob\/wp-content\/uploads\/2025\/03\/ov-west-alexis-heitmann-2025.jpg\" alt=\"\" width=\"240\" height=\"360\" srcset=\"https:\/\/meier-gerdingh.de\/wp-spd-ob\/wp-content\/uploads\/2025\/03\/ov-west-alexis-heitmann-2025.jpg 240w, https:\/\/meier-gerdingh.de\/wp-spd-ob\/wp-content\/uploads\/2025\/03\/ov-west-alexis-heitmann-2025-200x300.jpg 200w\" sizes=\"(max-width: 240px) 100vw, 240px\" \/><\/a><p id=\"caption-attachment-12315\" class=\"wp-caption-text\">Alexis Heitmann bleibt Vorsitzender des SPD-Ortsvereins Oberhausen-West<\/p><\/div>\n<p>Im Rahmen der Jahreshauptversammlung hat sich der SPD-Ortsverein Oberhausen-West im Februar 2025 personell neu aufgestellt. Dabei wurde der <strong>Ortsvereinsvorsitzende Alexis Heitmann<\/strong> mit einem Wahlergebnis von 100 Prozent in seinem Amt best\u00e4tigt und von den gut 30 anwesenden Mitgliedern f\u00fcr weitere zwei Jahre zum Ortsvereinsvorsitzenden gew\u00e4hlt.<\/p>\n<p>In seiner Rede betonte Heitmann die Bedeutung der Parteiarbeit im Stadtteil: &#8222;Die Welt ist gerade ein St\u00fcck weit aus den Fugen geraten. Da ist es umso wichtiger, dass die demokratischen Parteien vor Ort ansprechbar sind f\u00fcr die Belange und Themen der B\u00fcrgerinnen und B\u00fcrger und das nicht nur, wenn gerade Wahlkampf ist!&#8220;<!--more--><\/p>\n<p>Das Team der <strong>stellvertretenden Vorsitzenden<\/strong> wird in den n\u00e4chsten zwei Jahren neben <strong>Sonja Bongers<\/strong> und <strong>Ralf Bohnes<\/strong> von <strong>Jill Wasiak<\/strong> und <strong>Gionatan De Castro<\/strong> verst\u00e4rkt. Auch hier erfolgte die Wahl einstimmig.<\/p>\n<p>Neu im Vorstand des SPD-Ortsvereins sind <strong>Markus Schwarz<\/strong> als <strong>Schriftf\u00fchrer<\/strong> sowie <strong>Stefan Alpers<\/strong> und <strong>Aliyar Bektas<\/strong> als <strong>Beisitzer<\/strong>.<\/p>\n<p>Au\u00dferdem geh\u00f6ren dem Vorstand in den n\u00e4chsten zwei Jahren an: <strong>Sascha B\u00f6hle<\/strong> und <strong>Michael Fendrich<\/strong> als <strong>Kassierer<\/strong>, <strong>Manfred Ecker<\/strong> als <strong>Schriftf\u00fchrer<\/strong>, <strong>Max A\u00dfenmacher<\/strong>, <strong>Dagmar Heitmann<\/strong>, <strong>Jutta Klu\u00df<\/strong>, <strong>Michael Kreutz<\/strong>, <strong>Vincent Lindemann<\/strong>, <strong>Dietmar Look<\/strong> und <strong>B\u00fclent Sahin<\/strong> als <strong>Beisitzerin<\/strong> bzw. <strong>Beisitzer<\/strong>.<\/p>\n<p>Daneben wurden im Rahmen der Jahreshauptversammlung die Weichen f\u00fcr die im Herbst anstehenden <strong>Kommunalwahlen<\/strong> gestellt. Der Ortsverein nominierte einstimmig <strong>Sonja Bongers<\/strong>, <strong>Dagmar Heitmann<\/strong>, <strong>Dietmar Look<\/strong> und <strong>B\u00fclent Sahin<\/strong> als SPD-Kandidaten f\u00fcr die vier <strong>Ratswahlkreise in Alstaden und Lirich<\/strong>. Zudem stellten die Sozialdemokraten <strong>Ralf Bohnes<\/strong> und <strong>Jutta Klu\u00df<\/strong> als Spitzenduo f\u00fcr die <strong>Bezirksvertretung Alt-Oberhausen<\/strong> auf.<\/p>\n","protected":false},"excerpt":{"rendered":"<p>Im Rahmen der Jahreshauptversammlung hat sich der SPD-Ortsverein Oberhausen-West im Februar 2025 personell neu aufgestellt. Dabei wurde der Ortsvereinsvorsitzende Alexis Heitmann mit einem Wahlergebnis von 100 Prozent in seinem Amt&hellip; <\/p>\n","protected":false},"author":1,"featured_media":0,"comment_status":"closed","ping_status":"closed","sticky":false,"template":"","format":"standard","meta":{"footnotes":""},"categories":[173,2169,178],"tags":[134,71,4398,4223,183,681],"quellen":[335],"class_list":["post-12319","post","type-post","status-publish","format-standard","hentry","category-parteileben","category-personalien","category-wahlen","tag-alstaden","tag-jahreshauptversammlung","tag-kandidatennominierung-kommunalwahl-2025","tag-kommunalwahl-2025","tag-lirich","tag-vorstandswahlen","quellen-ov-west"],"_links":{"self":[{"href":"https:\/\/meier-gerdingh.de\/wp-spd-ob\/wp-json\/wp\/v2\/posts\/12319","targetHints":{"allow":["GET"]}}],"collection":[{"href":"https:\/\/meier-gerdingh.de\/wp-spd-ob\/wp-json\/wp\/v2\/posts"}],"about":[{"href":"https:\/\/meier-gerdingh.de\/wp-spd-ob\/wp-json\/wp\/v2\/types\/post"}],"author":[{"embeddable":true,"href":"https:\/\/meier-gerdingh.de\/wp-spd-ob\/wp-json\/wp\/v2\/users\/1"}],"replies":[{"embeddable":true,"href":"https:\/\/meier-gerdingh.de\/wp-spd-ob\/wp-json\/wp\/v2\/comments?post=12319"}],"version-history":[{"count":0,"href":"https:\/\/meier-gerdingh.de\/wp-spd-ob\/wp-json\/wp\/v2\/posts\/12319\/revisions"}],"wp:attachment":[{"href":"https:\/\/meier-gerdingh.de\/wp-spd-ob\/wp-json\/wp\/v2\/media?parent=12319"}],"wp:term":[{"taxonomy":"category","embeddable":true,"href":"https:\/\/meier-gerdingh.de\/wp-spd-ob\/wp-json\/wp\/v2\/categories?post=12319"},{"taxonomy":"post_tag","embeddable":true,"href":"https:\/\/meier-gerdingh.de\/wp-spd-ob\/wp-json\/wp\/v2\/tags?post=12319"},{"taxonomy":"quellen","embeddable":true,"href":"https:\/\/meier-gerdingh.de\/wp-spd-ob\/wp-json\/wp\/v2\/quellen?post=12319"}],"curies":[{"name":"wp","href":"https:\/\/api.w.org\/{rel}","templated":true}]}}