{"id":12324,"date":"2025-03-05T15:35:34","date_gmt":"2025-03-05T14:35:34","guid":{"rendered":"https:\/\/meier-gerdingh.de\/wp-spd-ob\/?p=12324"},"modified":"2025-03-05T15:35:34","modified_gmt":"2025-03-05T14:35:34","slug":"infrastruktur-sondervermoegen-muss-den-staedten-zugutekommen","status":"publish","type":"post","link":"https:\/\/meier-gerdingh.de\/wp-spd-ob\/2025\/03\/05\/infrastruktur-sondervermoegen-muss-den-staedten-zugutekommen\/","title":{"rendered":"Infrastruktur-Sonderverm\u00f6gen muss den St\u00e4dten zugutekommen"},"content":{"rendered":"<div id=\"attachment_9529\" style=\"width: 170px\" class=\"wp-caption alignleft\"><a href=\"https:\/\/meier-gerdingh.de\/wp-spd-ob\/wp-content\/uploads\/2022\/10\/zimkeit-stefan-22-lg.jpg\"><img aria-describedby=\"caption-attachment-9529\" decoding=\"async\" class=\"size-full wp-image-9529\" src=\"https:\/\/meier-gerdingh.de\/wp-spd-ob\/wp-content\/uploads\/2022\/10\/zimkeit-stefan-22.jpg\" alt=\"\" width=\"160\" height=\"200\" \/><\/a><p id=\"caption-attachment-9529\" class=\"wp-caption-text\">Stefan Zimkeit ist Landtagsabgeordneter f\u00fcr Oberhausen-Sterkrade und Dinslaken<\/p><\/div>\n<p>Stefan Zimkeit (SPD) begr\u00fc\u00dft es, dass 100 Milliarden Euro des geplanten Infrastruktur-Sonderverm\u00f6gens f\u00fcr die L\u00e4nder und die Kommunen vorgesehen sind. &#8222;Wichtig ist, dass das Geld auch bei uns in NRW insbesondere den St\u00e4dten zugutekommt, die wegen ihrer Finanzsituation den gr\u00f6\u00dften Investitionsstau beklagen&#8220;, betont der Landtagsabgeordnete.<\/p>\n<p>Dass mit diesem Sonderverm\u00f6gen nun auch f\u00fcr NRW die Schuldenbremse umgangen wird, ist laut Zimkeit lange \u00fcberf\u00e4llig. &#8222;Dass die CDU den Abschied von der Schuldenbremse wenige Tage nach der Bundestagswahl vollzieht, ist allerdings eine hochgradige W\u00e4hlert\u00e4uschung&#8220;, \u00e4rgert er sich dar\u00fcber, dass auch die \u00f6rtliche CDU wider besseren Wissens die Wahrheit verschwiegen hat. Zudem habe Friedrich Merz mit seiner Blockade einer entsprechenden L\u00f6sung vor der Bundestagswahl einen unn\u00f6tigen Zeitdruck ausgel\u00f6st, der die Umsetzung der notwendigen Investitionen nun erschwert.<!--more--><\/p>\n<p>&#8222;Als n\u00e4chsten Schritt muss die CDU ihren Plan beerdigen, Million\u00e4re steuerlich zu entlasten. Stattdessen brauchen wir h\u00f6here Steuern f\u00fcr sehr hohe Einkommen und eine Besteuerung gro\u00dfer Verm\u00f6gen. Nur so ist eine steuerliche Entlastung kleiner und mittlerer Einkommen zu finanzieren, denn die aufgenommenen Kredite m\u00fcssen anschlie\u00dfend getilgt werden&#8220;, erl\u00e4utert der SPD-Finanzexperte.<\/p>\n<p>Stefan Zimkeit erwartet, dass das Sonderverm\u00f6gen einen Schub f\u00fcr die Bildung, den Klimaschutz und das wirtschaftliche Wachstum ausl\u00f6sen kann, wenn das Geld in NRW zielgerichtet eingesetzt wird.<\/p>\n<p>&#8222;Die Schuldenbremse erlaubt den Bundesl\u00e4ndern im Normalfall keine Kreditaufnahme und hat sich als Bildungs- und Infrastrukturbremse erwiesen. Es ist gut, dass dieser ideologische Irrweg verlassen wird. Wir leiden jetzt schon unter einer verrotteten Infrastruktur und sollten dies schleunigst \u00e4ndern \u2013 auch aus Verantwortung den k\u00fcnftigen Generationen gegen\u00fcber&#8220;, so Zimkeit.<\/p>\n","protected":false},"excerpt":{"rendered":"<p>Stefan Zimkeit (SPD) begr\u00fc\u00dft es, dass 100 Milliarden Euro des geplanten Infrastruktur-Sonderverm\u00f6gens f\u00fcr die L\u00e4nder und die Kommunen vorgesehen sind. &#8222;Wichtig ist, dass das Geld auch bei uns in NRW&hellip; <\/p>\n","protected":false},"author":1,"featured_media":0,"comment_status":"closed","ping_status":"closed","sticky":false,"template":"","format":"standard","meta":{"footnotes":""},"categories":[180,98,216],"tags":[4383,269,14,1383,60,4401,4402,4403],"quellen":[331],"class_list":["post-12324","post","type-post","status-publish","format-standard","hentry","category-bund","category-finanzen","category-land","tag-bundestagswahl-2025","tag-investitionen","tag-kommunalfinanzen","tag-kommunen","tag-schuldenbremse","tag-sondervermoegen","tag-sondervermoegen-infrastruktur","tag-steuerentlastungen","quellen-mdl-stefan-zimkeit"],"_links":{"self":[{"href":"https:\/\/meier-gerdingh.de\/wp-spd-ob\/wp-json\/wp\/v2\/posts\/12324","targetHints":{"allow":["GET"]}}],"collection":[{"href":"https:\/\/meier-gerdingh.de\/wp-spd-ob\/wp-json\/wp\/v2\/posts"}],"about":[{"href":"https:\/\/meier-gerdingh.de\/wp-spd-ob\/wp-json\/wp\/v2\/types\/post"}],"author":[{"embeddable":true,"href":"https:\/\/meier-gerdingh.de\/wp-spd-ob\/wp-json\/wp\/v2\/users\/1"}],"replies":[{"embeddable":true,"href":"https:\/\/meier-gerdingh.de\/wp-spd-ob\/wp-json\/wp\/v2\/comments?post=12324"}],"version-history":[{"count":0,"href":"https:\/\/meier-gerdingh.de\/wp-spd-ob\/wp-json\/wp\/v2\/posts\/12324\/revisions"}],"wp:attachment":[{"href":"https:\/\/meier-gerdingh.de\/wp-spd-ob\/wp-json\/wp\/v2\/media?parent=12324"}],"wp:term":[{"taxonomy":"category","embeddable":true,"href":"https:\/\/meier-gerdingh.de\/wp-spd-ob\/wp-json\/wp\/v2\/categories?post=12324"},{"taxonomy":"post_tag","embeddable":true,"href":"https:\/\/meier-gerdingh.de\/wp-spd-ob\/wp-json\/wp\/v2\/tags?post=12324"},{"taxonomy":"quellen","embeddable":true,"href":"https:\/\/meier-gerdingh.de\/wp-spd-ob\/wp-json\/wp\/v2\/quellen?post=12324"}],"curies":[{"name":"wp","href":"https:\/\/api.w.org\/{rel}","templated":true}]}}