{"id":12368,"date":"2025-03-26T15:36:09","date_gmt":"2025-03-26T14:36:09","guid":{"rendered":"https:\/\/meier-gerdingh.de\/wp-spd-ob\/?p=12368"},"modified":"2025-03-28T17:41:29","modified_gmt":"2025-03-28T16:41:29","slug":"nrw-muss-angstraeume-beseitigen-nordrhein-westfalen-braucht-ein-sonderprogramm-zur-bekaempfung-dunkler-orte","status":"publish","type":"post","link":"https:\/\/meier-gerdingh.de\/wp-spd-ob\/2025\/03\/26\/nrw-muss-angstraeume-beseitigen-nordrhein-westfalen-braucht-ein-sonderprogramm-zur-bekaempfung-dunkler-orte\/","title":{"rendered":"NRW muss Angstr\u00e4ume beseitigen! Nordrhein-Westfalen braucht ein Sonderprogramm zur Bek\u00e4mpfung dunkler Orte"},"content":{"rendered":"<p><a href=\"https:\/\/meier-gerdingh.de\/wp-spd-ob\/wp-content\/uploads\/2023\/03\/banner-diese-woche-im-landtag-01.jpg\"><img decoding=\"async\" class=\"aligncenter size-full wp-image-10267\" src=\"https:\/\/meier-gerdingh.de\/wp-spd-ob\/wp-content\/uploads\/2023\/03\/banner-diese-woche-im-landtag-01.jpg\" alt=\"\" width=\"700\" height=\"258\" srcset=\"https:\/\/meier-gerdingh.de\/wp-spd-ob\/wp-content\/uploads\/2023\/03\/banner-diese-woche-im-landtag-01.jpg 700w, https:\/\/meier-gerdingh.de\/wp-spd-ob\/wp-content\/uploads\/2023\/03\/banner-diese-woche-im-landtag-01-300x111.jpg 300w\" sizes=\"(max-width: 700px) 100vw, 700px\" \/><\/a>Wer kennt das nicht. Dunkle Stra\u00dfen, verwinkelte Tiefgaragen und leere Pl\u00e4tze &#8211; ganz bestimmte Orte k\u00f6nnen zum F\u00fcrchten sein. Solche R\u00e4ume werden als Angstr\u00e4ume bezeichnet und wahrgenommen. Viele tags\u00fcber belebte Orte verwandeln sich am Abend in eine menschenleere Zone, die besonders in der Winterzeit ein mulmiges Gef\u00fchl vermitteln.<\/p>\n<p>Das ohnehin sensible Sicherheitsempfinden der Bev\u00f6lkerung wird so auf eine sehr harte Probe gestellt. Es ist zugleich ein wichtiger Faktor zur Bestimmung von Aufenthalts- und Lebensqualit\u00e4t in den Wohnquartieren, Stadtteilen und Innenst\u00e4dten unseres Landes. Im Fokus dabei besonders Frauen: &#8222;Die Dunkelfeldstudie &#8218;Sicherheit und Kriminalit\u00e4t in Deutschland&#8216; des Bundeskriminalamts aus dem Jahr 2022 hat gezeigt, dass vor allem Frauen von dieser Unsicherheit betroffen sind. Mindestens jede zweite Frau vermeidet am Abend bestimmte Orte oder nimmt oft l\u00e4ngere Wege in Kauf.<!--more--><\/p>\n<p>Oft fehlt es in der Stadtplanung an Sensibilit\u00e4t f\u00fcr das Sicherheitsempfinden. In der Folge werden gerade Frauen benachteiligt und in ihrer Freiheit eingeschr\u00e4nkt&#8220;, erkl\u00e4rt die SPD-Politikerin Sonja Bongers. Sie regt an, um das Sicherheitsempfinden der Bev\u00f6lkerung im Bereich \u00f6ffentlicher R\u00e4ume zu erh\u00f6hen, endlich ein Sonderprogramm aufzulegen. &#8222;Das Programm 1.000 helle Orte&#8220; soll helfen, st\u00e4dtebauliche Umgestaltungen von als unsicher empfundenen \u00f6ffentlichen Orten umzusetzen.&#8220;<\/p>\n<p>Dazu soll ein landesweit einheitlicher M\u00e4ngelmelder f\u00fcr die Bev\u00f6lkerung, orientiert am Beispiel des Landes Hessen, auf der Basis eines Online-Portals die Orte ermitteln, die die Menschen als unsicher einsch\u00e4tzen. Nach Aussage des hessischen Innenministers Roman Poseck (CDU) ist der zentrale &#8222;M\u00e4ngelmelder&#8220; in Hessen ein voller Erfolg. Bereits im ersten Jahr seines Bestehens gingen \u00fcber das Portal 8.100 Meldungen ein, von denen mehr als 4.900 schnell behoben und bearbeitet werden konnten.<\/p>\n<h3 class=\"spd-ob-crossheading\">Modell aus NL<\/h3>\n<p>Auch ein Modell aus den Niederlanden k\u00f6nnte passend sein, um pr\u00e4ventiv zu arbeiten. Das niederl\u00e4ndische Modell der WhatsApp-Buurtpreventie-Gruppen ist ein weiteres Beispiel, wie B\u00fcrger und B\u00fcrgerinnen aktiv eingebunden werden k\u00f6nnen, um das Sicherheitsgef\u00fchl und den sozialen Zusammenhalt in ihrem Wohnquartier zu steigern. Bewohnerinnen und Bewohner eines Quartiers organisieren sich hierf\u00fcr in Messenger-Gruppen. Bei auff\u00e4lligen Situationen melden sie diese in der Gruppe und entscheiden, ob man die Polizei informiert, falls sich die Situation nicht anderweitig aufl\u00f6st.<\/p>\n","protected":false},"excerpt":{"rendered":"<p>Wer kennt das nicht. Dunkle Stra\u00dfen, verwinkelte Tiefgaragen und leere Pl\u00e4tze &#8211; ganz bestimmte Orte k\u00f6nnen zum F\u00fcrchten sein. Solche R\u00e4ume werden als Angstr\u00e4ume bezeichnet und wahrgenommen. Viele tags\u00fcber belebte&hellip; <\/p>\n","protected":false},"author":1,"featured_media":0,"comment_status":"closed","ping_status":"closed","sticky":false,"template":"","format":"standard","meta":{"footnotes":""},"categories":[4120,216,7],"tags":[1666,4431,4430,4432,731],"quellen":[1317],"class_list":["post-12368","post","type-post","status-publish","format-standard","hentry","category-die-woche-im-landtag","category-land","category-sicherheit","tag-angstraeume","tag-dunkle-orte","tag-maengelmelder","tag-sicherheitsempfinden","tag-sicherheitsgefuehl","quellen-mdl-sonja-bongers"],"_links":{"self":[{"href":"https:\/\/meier-gerdingh.de\/wp-spd-ob\/wp-json\/wp\/v2\/posts\/12368","targetHints":{"allow":["GET"]}}],"collection":[{"href":"https:\/\/meier-gerdingh.de\/wp-spd-ob\/wp-json\/wp\/v2\/posts"}],"about":[{"href":"https:\/\/meier-gerdingh.de\/wp-spd-ob\/wp-json\/wp\/v2\/types\/post"}],"author":[{"embeddable":true,"href":"https:\/\/meier-gerdingh.de\/wp-spd-ob\/wp-json\/wp\/v2\/users\/1"}],"replies":[{"embeddable":true,"href":"https:\/\/meier-gerdingh.de\/wp-spd-ob\/wp-json\/wp\/v2\/comments?post=12368"}],"version-history":[{"count":0,"href":"https:\/\/meier-gerdingh.de\/wp-spd-ob\/wp-json\/wp\/v2\/posts\/12368\/revisions"}],"wp:attachment":[{"href":"https:\/\/meier-gerdingh.de\/wp-spd-ob\/wp-json\/wp\/v2\/media?parent=12368"}],"wp:term":[{"taxonomy":"category","embeddable":true,"href":"https:\/\/meier-gerdingh.de\/wp-spd-ob\/wp-json\/wp\/v2\/categories?post=12368"},{"taxonomy":"post_tag","embeddable":true,"href":"https:\/\/meier-gerdingh.de\/wp-spd-ob\/wp-json\/wp\/v2\/tags?post=12368"},{"taxonomy":"quellen","embeddable":true,"href":"https:\/\/meier-gerdingh.de\/wp-spd-ob\/wp-json\/wp\/v2\/quellen?post=12368"}],"curies":[{"name":"wp","href":"https:\/\/api.w.org\/{rel}","templated":true}]}}