{"id":12370,"date":"2025-03-26T15:41:57","date_gmt":"2025-03-26T14:41:57","guid":{"rendered":"https:\/\/meier-gerdingh.de\/wp-spd-ob\/?p=12370"},"modified":"2025-03-28T17:42:08","modified_gmt":"2025-03-28T16:42:08","slug":"nrw-braucht-ein-online-kommissariat-fuer-kinder-und-jugendliche","status":"publish","type":"post","link":"https:\/\/meier-gerdingh.de\/wp-spd-ob\/2025\/03\/26\/nrw-braucht-ein-online-kommissariat-fuer-kinder-und-jugendliche\/","title":{"rendered":"NRW braucht ein &#8222;Online-Kommissariat&#8220; f\u00fcr Kinder und Jugendliche"},"content":{"rendered":"<p><a href=\"https:\/\/meier-gerdingh.de\/wp-spd-ob\/wp-content\/uploads\/2023\/03\/banner-diese-woche-im-landtag-01.jpg\"><img decoding=\"async\" class=\"aligncenter size-full wp-image-10267\" src=\"https:\/\/meier-gerdingh.de\/wp-spd-ob\/wp-content\/uploads\/2023\/03\/banner-diese-woche-im-landtag-01.jpg\" alt=\"\" width=\"700\" height=\"258\" srcset=\"https:\/\/meier-gerdingh.de\/wp-spd-ob\/wp-content\/uploads\/2023\/03\/banner-diese-woche-im-landtag-01.jpg 700w, https:\/\/meier-gerdingh.de\/wp-spd-ob\/wp-content\/uploads\/2023\/03\/banner-diese-woche-im-landtag-01-300x111.jpg 300w\" sizes=\"(max-width: 700px) 100vw, 700px\" \/><\/a>Im digitalen Zeitalter verlagert sich der Aufenthalt von Kindern und Jugendlichen zunehmend in virtuelle Welten. Laut der Digitalstudie 2023 verbringen sie w\u00f6chentlich durchschnittlich etwa 64 Stunden im Internet. Diese Entwicklung er\u00f6ffnet zwar neue M\u00f6glichkeiten, bringt jedoch auch eine Vielzahl von Risiken mit sich. In der digitalen Welt sind junge Menschen besonders gef\u00e4hrdet.<\/p>\n<p>Daher ist es von gr\u00f6\u00dfter Bedeutung, den Schutz dieser vulnerablen Gruppe verst\u00e4rkt in den Fokus zu r\u00fccken. Der digitale Raum er\u00f6ffnet durch anonyme und oftmals unbeobachtete Kommunikationswege auf Social-Media-Plattformen und in Online-Gaming-Umfeldern neue Dimensionen von Gefahren, wie etwa digitale Hasskriminalit\u00e4t, sexuelle \u00dcbergriffe, Online-Betrug und Radikalisierung.<!--more--><\/p>\n<p>Um diesen Bedrohungen entgegenzuwirken, ist es unerl\u00e4sslich, dass wir als Gesellschaft gezielte und effektive Ma\u00dfnahmen ergreifen. &#8222;Bei der nordrhein-westf\u00e4lischen Polizei muss ein &#8222;Online-Kommissariat&#8220; eingerichtet werden, das speziell auf die Bed\u00fcrfnisse von Kindern und Jugendlichen ausgerichtet ist und ihnen eine niedrigschwellige M\u00f6glichkeit bietet, Straftaten im digitalen Raum anzuzeigen&#8220;, sagt Sonja Bongers.<\/p>\n<h3 class=\"spd-ob-crossheading\">Unzureichende Medienkompetenz<\/h3>\n<p>Die zunehmende Zeit, die Kinder und Jugendliche im Internet verbringen, stellt die Sicherheitslandschaft vor neue, erhebliche Herausforderungen. Besonders problematisch ist, dass viele junge Menschen die Gefahren im digitalen Raum nicht ausreichend erkennen. Ihre Medienkompetenz ist h\u00e4ufig noch unzureichend entwickelt, was sie anf\u00e4llig f\u00fcr Bel\u00e4stigung, Ausnutzung und Missbrauch macht.<\/p>\n<p>Eine wichtige S\u00e4ule des Schutzes von Kindern und Jugendlichen im digitalen Raum stellen die vielen Beratungsstellen dar, die bereits heute in zielgruppengerechter Ansprache ein umfangreiches und in seiner Bedeutung nicht zu untersch\u00e4tzendes Unterst\u00fctzungsangebot f\u00fcr Kinder und Jugendliche bereithalten.<\/p>\n<p>Anders sieht es jedoch bei der staatlichen Strafverfolgung von Delikten aus, die gegen Kinder und Jugendliche im Netz begangen werden. Bestehende Online-Wachen und digitale Anlaufstellen sind prim\u00e4r auf Erwachsene ausgerichtet und ber\u00fccksichtigen nicht ausreichend die spezifischen Bed\u00fcrfnisse sowie die Kommunikationsweise von Kindern und Jugendlichen. Dies gilt auch f\u00fcr die Internet-Wache der Polizei in Nordrhein-Westfalen.<\/p>\n<p>In der analogen Welt w\u00fcrde die Polizei stets eine zielgruppengerechte und empathische Ansprache w\u00e4hlen, um Kinder und Jugendliche zu erreichen. Eine solche kind- und jugendgerechte Ansprache fehlt jedoch in der digitalen Sicherheitsstruktur. Insbesondere mangelt es auch an der Interaktivit\u00e4t der bestehenden Angebote, beispielsweise im Hinblick auf die Begleitung durch den Anzeigeprozess. Hierdurch entsteht eine erhebliche Schutzl\u00fccke, die es zu schlie\u00dfen gilt.<\/p>\n<p>&#8222;Das Online-Kommissariat ben\u00f6tigt geschultes Personal, das \u00fcber spezifische Qualifikationen im Umgang mit Kindern und Jugendlichen verf\u00fcgt. Dabei soll eine enge Zusammenarbeit mit bereits bestehenden Beratungsstellen sichergestellt werden, um eine umfassende, kompetente und einf\u00fchlsame Betreuung der jungen Nutzer zu gew\u00e4hrleisten&#8220;, so Bongers abschlie\u00dfend.<\/p>\n","protected":false},"excerpt":{"rendered":"<p>Im digitalen Zeitalter verlagert sich der Aufenthalt von Kindern und Jugendlichen zunehmend in virtuelle Welten. Laut der Digitalstudie 2023 verbringen sie w\u00f6chentlich durchschnittlich etwa 64 Stunden im Internet. Diese Entwicklung&hellip; <\/p>\n","protected":false},"author":1,"featured_media":0,"comment_status":"closed","ping_status":"closed","sticky":false,"template":"","format":"standard","meta":{"footnotes":""},"categories":[4120,179,216,7],"tags":[4436,4438,837,4435,4437,6,4439,4283],"quellen":[1317],"class_list":["post-12370","post","type-post","status-publish","format-standard","hentry","category-die-woche-im-landtag","category-kinder-und-jugendliche","category-land","category-sicherheit","tag-digitale-hasskriminalitaet","tag-digitale-sicherheit","tag-kriminalitaet","tag-online-kommissariat","tag-online-kriminalitaet","tag-polizei","tag-polizei-nrw","tag-social-media","quellen-mdl-sonja-bongers"],"_links":{"self":[{"href":"https:\/\/meier-gerdingh.de\/wp-spd-ob\/wp-json\/wp\/v2\/posts\/12370","targetHints":{"allow":["GET"]}}],"collection":[{"href":"https:\/\/meier-gerdingh.de\/wp-spd-ob\/wp-json\/wp\/v2\/posts"}],"about":[{"href":"https:\/\/meier-gerdingh.de\/wp-spd-ob\/wp-json\/wp\/v2\/types\/post"}],"author":[{"embeddable":true,"href":"https:\/\/meier-gerdingh.de\/wp-spd-ob\/wp-json\/wp\/v2\/users\/1"}],"replies":[{"embeddable":true,"href":"https:\/\/meier-gerdingh.de\/wp-spd-ob\/wp-json\/wp\/v2\/comments?post=12370"}],"version-history":[{"count":0,"href":"https:\/\/meier-gerdingh.de\/wp-spd-ob\/wp-json\/wp\/v2\/posts\/12370\/revisions"}],"wp:attachment":[{"href":"https:\/\/meier-gerdingh.de\/wp-spd-ob\/wp-json\/wp\/v2\/media?parent=12370"}],"wp:term":[{"taxonomy":"category","embeddable":true,"href":"https:\/\/meier-gerdingh.de\/wp-spd-ob\/wp-json\/wp\/v2\/categories?post=12370"},{"taxonomy":"post_tag","embeddable":true,"href":"https:\/\/meier-gerdingh.de\/wp-spd-ob\/wp-json\/wp\/v2\/tags?post=12370"},{"taxonomy":"quellen","embeddable":true,"href":"https:\/\/meier-gerdingh.de\/wp-spd-ob\/wp-json\/wp\/v2\/quellen?post=12370"}],"curies":[{"name":"wp","href":"https:\/\/api.w.org\/{rel}","templated":true}]}}