{"id":12371,"date":"2025-03-26T15:44:01","date_gmt":"2025-03-26T14:44:01","guid":{"rendered":"https:\/\/meier-gerdingh.de\/wp-spd-ob\/?p=12371"},"modified":"2025-03-28T17:40:36","modified_gmt":"2025-03-28T16:40:36","slug":"handlungsbedarf-bei-der-inneren-sicherheit-darf-nicht-ignoriert-werden","status":"publish","type":"post","link":"https:\/\/meier-gerdingh.de\/wp-spd-ob\/2025\/03\/26\/handlungsbedarf-bei-der-inneren-sicherheit-darf-nicht-ignoriert-werden\/","title":{"rendered":"Handlungsbedarf bei der inneren Sicherheit darf nicht ignoriert werden"},"content":{"rendered":"<p><a href=\"https:\/\/meier-gerdingh.de\/wp-spd-ob\/wp-content\/uploads\/2023\/03\/banner-diese-woche-im-landtag-01.jpg\"><img decoding=\"async\" class=\"aligncenter size-full wp-image-10267\" src=\"https:\/\/meier-gerdingh.de\/wp-spd-ob\/wp-content\/uploads\/2023\/03\/banner-diese-woche-im-landtag-01.jpg\" alt=\"\" width=\"700\" height=\"258\" srcset=\"https:\/\/meier-gerdingh.de\/wp-spd-ob\/wp-content\/uploads\/2023\/03\/banner-diese-woche-im-landtag-01.jpg 700w, https:\/\/meier-gerdingh.de\/wp-spd-ob\/wp-content\/uploads\/2023\/03\/banner-diese-woche-im-landtag-01-300x111.jpg 300w\" sizes=\"(max-width: 700px) 100vw, 700px\" \/><\/a><\/p>\n<div id=\"attachment_7690\" style=\"width: 170px\" class=\"wp-caption alignleft\"><a href=\"https:\/\/meier-gerdingh.de\/wp-spd-ob\/wp-content\/uploads\/2020\/11\/bongers-sonja-2020-lg.jpg\"><img aria-describedby=\"caption-attachment-7690\" decoding=\"async\" class=\"size-full wp-image-7690\" src=\"https:\/\/meier-gerdingh.de\/wp-spd-ob\/wp-content\/uploads\/2020\/11\/bongers-sonja-2020.jpg\" alt=\"\" width=\"160\" height=\"200\" \/><\/a><p id=\"caption-attachment-7690\" class=\"wp-caption-text\">Sonja Bongers ist Vorsitzende der SPD-Ratsfraktion und Mitglied des Landtags von Nordrhein-Westfalen<\/p><\/div>\n<p>Die neueste Kriminalstatistik f\u00fcr NRW ist ern\u00fcchternd. Trotz eines leichten R\u00fcckgangs der Gesamtkriminalit\u00e4t bleibt die Kriminalit\u00e4tsrate auf einem hohen Niveau. Nach den deutlichen Anstiegen der erfassten Fallzahlen in den vergangenen Jahren zeigt die Statistik, dass auf dem Gebiet der inneren Sicherheit weiterhin dringender Handlungsbedarf besteht.<\/p>\n<p>Besonders im Bereich der Gewaltkriminalit\u00e4t bleiben die Zahlen auf einem besorgniserregenden Stand. W\u00e4hrend es im Jahresvergleich insgesamt im Bereich der Gewaltdelikte minimale R\u00fcckg\u00e4nge bei den erfassten Fallzahlen gibt, ist im Zehnjahresvergleich ein Anstieg von 20 Prozent zu verzeichnen.<\/p>\n<p>Bei K\u00f6rperverletzungsdelikten kam es auch im vergangenen Jahr zu einem Anstieg der erfassten F\u00e4lle um 1,7 Prozent. Noch gravierender ist die Zunahme der Messerangriffe, die im Jahr 2024 um mehr als 20 Prozent gestiegen sind. Auch die Zahl der erfassten Wohnungseinbr\u00fcche ist um 5,2 Prozent gestiegen.<!--more--><\/p>\n<p>&#8222;Dies ist ein \u00e4u\u00dferst beunruhigender Trend, der die eskalierende Gewalt in einigen Teilen der Gesellschaft widerspiegelt. Ebenso alarmierend ist aber auch der erneute Anstieg bei den erfassten F\u00e4llen von Widerstand gegen die Staatsgewalt bzw. t\u00e4tlichen Angriffen auf die Staatsgewalt, von dem insbesondere Polizistinnen und Polizisten betroffen sind&#8220;, so die SPD-Rechtsexpertin Sonja Bongers. Im vergangenen Jahr wurden 10.084 F\u00e4lle dieser Art registriert, was einem Anstieg von 1,6 Prozent entspricht. Diese Entwicklung ist ersch\u00fctternd und auch ein Indiz f\u00fcr eine gewachsene Respektlosigkeit gegen\u00fcber staatlichen Institutionen.<\/p>\n<h3 class=\"spd-ob-crossheading\">Tatort Digitaler Raum<\/h3>\n<p>Der Bereich Cybercrime verzeichnete einen Anstieg der erfassten Fallzahlen von 7,8 Prozent. Der dabei entstandene Schaden von mehr als 32 Millionen Euro verdeutlicht, dass der digitale Raum zunehmend zum Tatort wird und hier dringend verst\u00e4rkte Ma\u00dfnahmen erforderlich sind.<\/p>\n<p>&#8222;Es muss uns klar sein, dass wir mehr Personal bei der Polizei brauchen. Besonders in den Quartieren und den betroffenen Bezirken muss die Pr\u00e4senz steigen. Daf\u00fcr sollten auch qualifizierte Seiteneinsteiger ber\u00fccksichtigt werden&#8220;, so Bongers weiter. Das alles funktioniert aber nur, wenn auch die Justiz miteinbezogen wird. &#8222;Die personelle Ausstattung der Staatsanwaltschaften und Gerichte m\u00fcssen verbessert werden, um eine konsequente und z\u00fcgige Strafverfolgung sicherzustellen.&#8220;<\/p>\n<p>Flankiert werden muss das Ganze aber auch durch Pr\u00e4ventionsprogramme zur Bek\u00e4mpfung der Ursachen von Kriminalit\u00e4t. Dabei ist insbesondere das Programm &#8218;Kurve kriegen&#8216; weiter auszubauen und die Gewaltpr\u00e4vention an Schulen sowie in Jugendeinrichtungen deutlich zu intensivieren.<\/p>\n<p>Zudem muss die digitale Pr\u00e4senz der Strafverfolgungsbeh\u00f6rden durch Online-Streifen, KI-gest\u00fctzte Anzeigenaufnahmen sowie ein spezifisches &#8222;Online-Kommissariat&#8220; f\u00fcr Kinder und Jugendliche ausgeweitet werden. Uns entgleiten sonst immer mehr Kinder und Jugendlichen auch in den rechten Raum.&#8220;<\/p>\n","protected":false},"excerpt":{"rendered":"<p>Die neueste Kriminalstatistik f\u00fcr NRW ist ern\u00fcchternd. Trotz eines leichten R\u00fcckgangs der Gesamtkriminalit\u00e4t bleibt die Kriminalit\u00e4tsrate auf einem hohen Niveau. Nach den deutlichen Anstiegen der erfassten Fallzahlen in den vergangenen&hellip; <\/p>\n","protected":false},"author":1,"featured_media":0,"comment_status":"closed","ping_status":"closed","sticky":false,"template":"","format":"standard","meta":{"footnotes":""},"categories":[4120,216,7],"tags":[4440,4441,3171,2570,4433,2082,3045],"quellen":[1317],"class_list":["post-12371","post","type-post","status-publish","format-standard","hentry","category-die-woche-im-landtag","category-land","category-sicherheit","tag-cybercrime","tag-gewaltpraevention","tag-gewaltverbrechen","tag-innere-sicherheit","tag-kriminalstatistik-nrw","tag-nrw-justiz","tag-personalmangel","quellen-mdl-sonja-bongers"],"_links":{"self":[{"href":"https:\/\/meier-gerdingh.de\/wp-spd-ob\/wp-json\/wp\/v2\/posts\/12371","targetHints":{"allow":["GET"]}}],"collection":[{"href":"https:\/\/meier-gerdingh.de\/wp-spd-ob\/wp-json\/wp\/v2\/posts"}],"about":[{"href":"https:\/\/meier-gerdingh.de\/wp-spd-ob\/wp-json\/wp\/v2\/types\/post"}],"author":[{"embeddable":true,"href":"https:\/\/meier-gerdingh.de\/wp-spd-ob\/wp-json\/wp\/v2\/users\/1"}],"replies":[{"embeddable":true,"href":"https:\/\/meier-gerdingh.de\/wp-spd-ob\/wp-json\/wp\/v2\/comments?post=12371"}],"version-history":[{"count":0,"href":"https:\/\/meier-gerdingh.de\/wp-spd-ob\/wp-json\/wp\/v2\/posts\/12371\/revisions"}],"wp:attachment":[{"href":"https:\/\/meier-gerdingh.de\/wp-spd-ob\/wp-json\/wp\/v2\/media?parent=12371"}],"wp:term":[{"taxonomy":"category","embeddable":true,"href":"https:\/\/meier-gerdingh.de\/wp-spd-ob\/wp-json\/wp\/v2\/categories?post=12371"},{"taxonomy":"post_tag","embeddable":true,"href":"https:\/\/meier-gerdingh.de\/wp-spd-ob\/wp-json\/wp\/v2\/tags?post=12371"},{"taxonomy":"quellen","embeddable":true,"href":"https:\/\/meier-gerdingh.de\/wp-spd-ob\/wp-json\/wp\/v2\/quellen?post=12371"}],"curies":[{"name":"wp","href":"https:\/\/api.w.org\/{rel}","templated":true}]}}