{"id":12372,"date":"2025-03-26T13:25:57","date_gmt":"2025-03-26T12:25:57","guid":{"rendered":"https:\/\/meier-gerdingh.de\/wp-spd-ob\/?p=12372"},"modified":"2025-03-27T13:31:32","modified_gmt":"2025-03-27T12:31:32","slug":"spd-verlangt-schnelle-pruefung","status":"publish","type":"post","link":"https:\/\/meier-gerdingh.de\/wp-spd-ob\/2025\/03\/26\/spd-verlangt-schnelle-pruefung\/","title":{"rendered":"SPD verlangt schnelle Pr\u00fcfung"},"content":{"rendered":"<div id=\"attachment_9261\" style=\"width: 190px\" class=\"wp-caption alignleft\"><a href=\"https:\/\/meier-gerdingh.de\/wp-spd-ob\/wp-content\/uploads\/2022\/09\/prohl-manuel-lg.jpg\"><img aria-describedby=\"caption-attachment-9261\" decoding=\"async\" class=\"size-full wp-image-9261\" src=\"https:\/\/meier-gerdingh.de\/wp-spd-ob\/wp-content\/uploads\/2022\/09\/prohl-manuel.jpg\" alt=\"\" width=\"180\" height=\"180\" srcset=\"https:\/\/meier-gerdingh.de\/wp-spd-ob\/wp-content\/uploads\/2022\/09\/prohl-manuel.jpg 180w, https:\/\/meier-gerdingh.de\/wp-spd-ob\/wp-content\/uploads\/2022\/09\/prohl-manuel-150x150.jpg 150w\" sizes=\"(max-width: 180px) 100vw, 180px\" \/><\/a><p id=\"caption-attachment-9261\" class=\"wp-caption-text\">Manuel Prohl ist stellvertretender Vorsitzender der SPD-Ratsfraktion<\/p><\/div>\n<p>Der Umstand, dass offenbar zunehmend Veranstaltungen aufgrund hoher Sicherheitsanforderungen abgesagt werden oder zumindest auf der Kippe stehen, hat Oberhausens SPD auf den Plan gerufen: Auf Bitte der Sozialdemokraten hat der zust\u00e4ndige Beigeordnete Michael Jehn am Mittwoch im Umweltausschuss Stellung bezogen und vom Zusammenspiel zwischen Veranstaltern und Ordnungsbeh\u00f6rden berichtet.<\/p>\n<p>Auf Nachfrage der SPD best\u00e4tigte Jehn, dass die Stadt eine Anschaffung von Durchfahrtssperren ins Auge gefasst hat, um diese bei Bedarf an Veranstalter zu verleihen. &#8222;Es ist schon mal gut, dass die Stadt die Anschaffung zumindest pr\u00fcft&#8220;, so der umweltpolitische Sprecher der SPD, Manuel Prohl. &#8222;Wir hoffen sehr, dass die Pr\u00fcfung nicht so lange dauert, dass die Veranstaltungssaison dann schon wieder vorbei ist und sprechen uns f\u00fcr eine solche Anschaffung aus. Vereine und ehrenamtliche Veranstalter sollte die Stadt unterst\u00fctzen, indem sie solche Durchfahrtssperren im Bedarfsfall unkompliziert und kosteng\u00fcnstig verleiht.&#8220;<!--more--><\/p>\n<p>F\u00fcr den OB-Kandidaten der SPD, Thorsten Berg, passen die Informationen der Verwaltung und die Ver\u00e4rgerung lokaler Veranstalter nicht zusammen. Sollte ein mangelhafter Informationsfluss daf\u00fcr urs\u00e4chlich sein, sei die Verwaltung in der Pflicht, das Beratungsangebot f\u00fcr Ehrenamtliche und Vereine auszuweiten.<\/p>\n<p>&#8222;Es mag ja sein, dass die Stadt das Ausma\u00df der Probleme f\u00fcr kleine Veranstalter mittlerweile erkannt hat \u2013 dann frage ich mich aber, warum Vereine und Ehrenamtliche so verunsichert sind. Klar ist: Die Stadt muss ihr M\u00f6glichstes tun, um auch kleine Veranstaltungen am Leben zu halten &#8211; sie sind schlie\u00dflich wichtig f\u00fcr die B\u00fcrgerinnen und B\u00fcrger sowie den Zusammenhalt in unserer Stadt.&#8220;<\/p>\n","protected":false},"excerpt":{"rendered":"<p>Der Umstand, dass offenbar zunehmend Veranstaltungen aufgrund hoher Sicherheitsanforderungen abgesagt werden oder zumindest auf der Kippe stehen, hat Oberhausens SPD auf den Plan gerufen: Auf Bitte der Sozialdemokraten hat der&hellip; <\/p>\n","protected":false},"author":1,"featured_media":0,"comment_status":"closed","ping_status":"closed","sticky":false,"template":"","format":"standard","meta":{"footnotes":""},"categories":[7],"tags":[4442,4445,4421,4224,2453,2323,4444,2377,4443,146],"quellen":[326],"class_list":["post-12372","post","type-post","status-publish","format-standard","hentry","category-sicherheit","tag-durchfahrtssperren","tag-events","tag-oberbuergermeisterkandidat","tag-spd-ob-kandidat","tag-spd-oberbuergermeisterkandidat","tag-thorsten-berg","tag-veranstalter","tag-veranstaltungen","tag-veranstaltungssicherheit","tag-vereine","quellen-spd-fraktion-oberhausen"],"_links":{"self":[{"href":"https:\/\/meier-gerdingh.de\/wp-spd-ob\/wp-json\/wp\/v2\/posts\/12372","targetHints":{"allow":["GET"]}}],"collection":[{"href":"https:\/\/meier-gerdingh.de\/wp-spd-ob\/wp-json\/wp\/v2\/posts"}],"about":[{"href":"https:\/\/meier-gerdingh.de\/wp-spd-ob\/wp-json\/wp\/v2\/types\/post"}],"author":[{"embeddable":true,"href":"https:\/\/meier-gerdingh.de\/wp-spd-ob\/wp-json\/wp\/v2\/users\/1"}],"replies":[{"embeddable":true,"href":"https:\/\/meier-gerdingh.de\/wp-spd-ob\/wp-json\/wp\/v2\/comments?post=12372"}],"version-history":[{"count":0,"href":"https:\/\/meier-gerdingh.de\/wp-spd-ob\/wp-json\/wp\/v2\/posts\/12372\/revisions"}],"wp:attachment":[{"href":"https:\/\/meier-gerdingh.de\/wp-spd-ob\/wp-json\/wp\/v2\/media?parent=12372"}],"wp:term":[{"taxonomy":"category","embeddable":true,"href":"https:\/\/meier-gerdingh.de\/wp-spd-ob\/wp-json\/wp\/v2\/categories?post=12372"},{"taxonomy":"post_tag","embeddable":true,"href":"https:\/\/meier-gerdingh.de\/wp-spd-ob\/wp-json\/wp\/v2\/tags?post=12372"},{"taxonomy":"quellen","embeddable":true,"href":"https:\/\/meier-gerdingh.de\/wp-spd-ob\/wp-json\/wp\/v2\/quellen?post=12372"}],"curies":[{"name":"wp","href":"https:\/\/api.w.org\/{rel}","templated":true}]}}