{"id":12373,"date":"2025-03-27T13:34:47","date_gmt":"2025-03-27T12:34:47","guid":{"rendered":"https:\/\/meier-gerdingh.de\/wp-spd-ob\/?p=12373"},"modified":"2025-03-27T13:34:47","modified_gmt":"2025-03-27T12:34:47","slug":"das-ewige-gesabbel-muss-ein-ende-haben-oberhausen-muss-endlich-eine-offensive-wirtschaftsfoerderung-betreiben","status":"publish","type":"post","link":"https:\/\/meier-gerdingh.de\/wp-spd-ob\/2025\/03\/27\/das-ewige-gesabbel-muss-ein-ende-haben-oberhausen-muss-endlich-eine-offensive-wirtschaftsfoerderung-betreiben\/","title":{"rendered":"Das ewige Gesabbel muss ein Ende haben &#8211; Oberhausen muss endlich eine offensive Wirtschaftsf\u00f6rderung betreiben"},"content":{"rendered":"<div id=\"attachment_7690\" style=\"width: 170px\" class=\"wp-caption alignleft\"><a href=\"https:\/\/meier-gerdingh.de\/wp-spd-ob\/wp-content\/uploads\/2020\/11\/bongers-sonja-2020-lg.jpg\"><img aria-describedby=\"caption-attachment-7690\" decoding=\"async\" class=\"size-full wp-image-7690\" src=\"https:\/\/meier-gerdingh.de\/wp-spd-ob\/wp-content\/uploads\/2020\/11\/bongers-sonja-2020.jpg\" alt=\"\" width=\"160\" height=\"200\" \/><\/a><p id=\"caption-attachment-7690\" class=\"wp-caption-text\">Sonja Bongers ist Vorsitzende der SPD-Ratsfraktion und Mitglied des Landtags von Nordrhein-Westfalen<\/p><\/div>\n<p>Oberhausen steht wirtschaftlich schlecht da \u2013 auch nach zehn Jahren mit einem Oberb\u00fcrgermeister der CDU. &#8222;Nichts hat sich verbessert. Freifl\u00e4chen wurden in miserable Wirtschaftsbereiche wie der Logistik verschleudert. Die guten Jobs in der Industrie und im Mittelstand sucht man in Oberhausen vergebens. Man muss es so sagen, wir sind aufgrund der schlechten F\u00fchrung unseres visionslosen Oberb\u00fcrgermeisters das Schlusslicht in Deutschland&#8220;, teilte Bongers in einer Erkl\u00e4rung mit.<!--more--><\/p>\n<h3 class=\"spd-ob-crossheading\">Abw\u00e4rtsspirale Logistik<\/h3>\n<p>Die Jobs im Edeka-Zentrallager und bei anderen Logistikern haben nachweislich wenig Substanz. Schlecht bezahlt, von Stellenabbau durch KI massiv bedroht und \u00f6kologisch durch das riesige Verkehrsaufkommen der Lkw ein Desaster.<\/p>\n<p>&#8222;Was haben wir von Jobs, die die Leute nicht ern\u00e4hren k\u00f6nnen? Fast alle aus diesen Bereichen wie der Logistik m\u00fcssen aufgrund der niedrigen L\u00f6hne soziale Aufstockung beantragen \u2013 zu Lasten der \u00f6ffentlichen Kassen. Was haben wir davon, dass Lkw unsere eh zu vollen Stra\u00dfen und Autobahnen verstopfen und mit ihren Abgasen das Leben der Menschen nachhaltig sch\u00e4digt \u2013 nichts. Und das alles noch als Wirtschaftsmotor zu verkaufen ist schon frech und peinlich&#8220;, so Bongers weiter.<\/p>\n<h3 class=\"spd-ob-crossheading\">Kein Weiter so<\/h3>\n<p>Oberhausen m\u00fcsse endlich einmal planvoll an die Probleme rangehen. &#8222;Ja, wir haben Schulden, aber es kann nicht sein, dass man trotzdem nicht mit Flei\u00df und Eigeninitiative versucht, die Situation zu verbessern.&#8220; Es gibt, so Bongers, zahlreiche M\u00f6glichkeiten.<\/p>\n<p>&#8222;Warum haben wir keinen Pharmastandort angeboten oder einen Standort f\u00fcr Zukunftstechnologien aus dem Bereich Elektrotechnik, Maschinenbau oder \u00e4hnlichem. Warum ziehen wir nicht junge Gr\u00fcnder in die Stadt, die hier ein gutes Umfeld vorfinden. Wir als Stadt m\u00fcssen uns um diese Leute mit Ideen k\u00fcmmern. Alles das passiert nicht. Schranz ist angetreten, um Verbesserungen herbeizuf\u00fchren, aber nichts ist gelungen: Die Stadt ist desolat und f\u00fcr alte Oberhausener in weiten Teilen zum Fremdsch\u00e4men.&#8220;<\/p>\n<h3 class=\"spd-ob-crossheading\">Nur Symbolpolitik<\/h3>\n<p>Dabei gibt es, so Bongers, doch L\u00f6sungen. &#8222;Wir haben doch in unserer Stadtgesellschaft genug kluge K\u00f6pfe die parteiunabh\u00e4ngig f\u00fcr das Wohl der Stadt ihre Ideen einbringen w\u00fcrden. Aber diese Leute werden nicht gefragt. Deren Verbindungen werden nicht genutzt. Regelm\u00e4\u00dfig zum Spatenstich f\u00fcr ein einzelnes Wohnhaus oder andere Kleinstbaustellen zu fahren, ist keine Stadtpolitik sondern nur Symbolpolitik. Das k\u00f6nnen wir uns aber nicht erlauben. Wir alle wollen doch in einer vern\u00fcnftigen, gut funktionierenden Stadt leben, also m\u00fcssen wir endlich etwas tun.&#8220;<\/p>\n<p>Oberhausen ben\u00f6tigt nach Ansicht der SPD-Politikerin eine nationale und internationale Vernetzung in der Wirtschaftsentwicklung. &#8222;Dann muss man eben auch mal Klinkenputzen gehen und versuchen Unternehmen von unserem Angebot zu \u00fcberzeugen.. Daf\u00fcr brauche ich Profis und die muss man einstellen. Dann wird das auch was.&#8220;<\/p>\n","protected":false},"excerpt":{"rendered":"<p>Oberhausen steht wirtschaftlich schlecht da \u2013 auch nach zehn Jahren mit einem Oberb\u00fcrgermeister der CDU. &#8222;Nichts hat sich verbessert. Freifl\u00e4chen wurden in miserable Wirtschaftsbereiche wie der Logistik verschleudert. Die guten&hellip; <\/p>\n","protected":false},"author":1,"featured_media":0,"comment_status":"closed","ping_status":"closed","sticky":false,"template":"","format":"standard","meta":{"footnotes":""},"categories":[311],"tags":[4446,3530,4447,3048,2033,1748,1170,3660],"quellen":[326],"class_list":["post-12373","post","type-post","status-publish","format-standard","hentry","category-wirtschaft","tag-aufstockerinnen-und-aufstocker","tag-edeka-zentrallager","tag-gruenderkultur","tag-industrie","tag-lkw-verkehr","tag-logistik","tag-mittelstand","tag-start-ups","quellen-spd-fraktion-oberhausen"],"_links":{"self":[{"href":"https:\/\/meier-gerdingh.de\/wp-spd-ob\/wp-json\/wp\/v2\/posts\/12373","targetHints":{"allow":["GET"]}}],"collection":[{"href":"https:\/\/meier-gerdingh.de\/wp-spd-ob\/wp-json\/wp\/v2\/posts"}],"about":[{"href":"https:\/\/meier-gerdingh.de\/wp-spd-ob\/wp-json\/wp\/v2\/types\/post"}],"author":[{"embeddable":true,"href":"https:\/\/meier-gerdingh.de\/wp-spd-ob\/wp-json\/wp\/v2\/users\/1"}],"replies":[{"embeddable":true,"href":"https:\/\/meier-gerdingh.de\/wp-spd-ob\/wp-json\/wp\/v2\/comments?post=12373"}],"version-history":[{"count":0,"href":"https:\/\/meier-gerdingh.de\/wp-spd-ob\/wp-json\/wp\/v2\/posts\/12373\/revisions"}],"wp:attachment":[{"href":"https:\/\/meier-gerdingh.de\/wp-spd-ob\/wp-json\/wp\/v2\/media?parent=12373"}],"wp:term":[{"taxonomy":"category","embeddable":true,"href":"https:\/\/meier-gerdingh.de\/wp-spd-ob\/wp-json\/wp\/v2\/categories?post=12373"},{"taxonomy":"post_tag","embeddable":true,"href":"https:\/\/meier-gerdingh.de\/wp-spd-ob\/wp-json\/wp\/v2\/tags?post=12373"},{"taxonomy":"quellen","embeddable":true,"href":"https:\/\/meier-gerdingh.de\/wp-spd-ob\/wp-json\/wp\/v2\/quellen?post=12373"}],"curies":[{"name":"wp","href":"https:\/\/api.w.org\/{rel}","templated":true}]}}