{"id":12375,"date":"2025-03-27T18:28:20","date_gmt":"2025-03-27T17:28:20","guid":{"rendered":"https:\/\/meier-gerdingh.de\/wp-spd-ob\/?p=12375"},"modified":"2025-03-27T18:28:20","modified_gmt":"2025-03-27T17:28:20","slug":"spd-fordert-rueckbau-von-umstrittener-kreuzung-in-lirich","status":"publish","type":"post","link":"https:\/\/meier-gerdingh.de\/wp-spd-ob\/2025\/03\/27\/spd-fordert-rueckbau-von-umstrittener-kreuzung-in-lirich\/","title":{"rendered":"SPD fordert R\u00fcckbau von umstrittener Kreuzung in Lirich"},"content":{"rendered":"<div id=\"attachment_12313\" style=\"width: 250px\" class=\"wp-caption alignleft\"><a href=\"https:\/\/meier-gerdingh.de\/wp-spd-ob\/wp-content\/uploads\/2025\/02\/thorsten-berg-25-02-lg.jpg\"><img aria-describedby=\"caption-attachment-12313\" decoding=\"async\" class=\"size-full wp-image-12313\" src=\"https:\/\/meier-gerdingh.de\/wp-spd-ob\/wp-content\/uploads\/2025\/02\/thorsten-berg-25-02.jpg\" alt=\"\" width=\"240\" height=\"360\" srcset=\"https:\/\/meier-gerdingh.de\/wp-spd-ob\/wp-content\/uploads\/2025\/02\/thorsten-berg-25-02.jpg 240w, https:\/\/meier-gerdingh.de\/wp-spd-ob\/wp-content\/uploads\/2025\/02\/thorsten-berg-25-02-200x300.jpg 200w\" sizes=\"(max-width: 240px) 100vw, 240px\" \/><\/a><p id=\"caption-attachment-12313\" class=\"wp-caption-text\">Thorsten Berg ist der Oberb\u00fcrgermeister-Kandidat der Oberhausener SPD<\/p><\/div>\n<p>Der Oberb\u00fcrgermeisterkandidat der Oberhausener SPD, Thorsten Berg, fordert den R\u00fcckbau der umstrittenen Kreuzung an der Concordiastra\u00dfe in ihren vorherigen Zustand. &#8222;Da herrschen jetzt unhaltbare, gef\u00e4hrliche Zust\u00e4nde und R\u00fcckstaus bis nach Lirich-Mitte&#8220;, stimmt Berg der Kritik aus der B\u00fcrgerschaft zu. &#8222;Auch der \u00e4hnlich gestaltete Umbau der Bebelstra\u00dfe mit nur noch einer Linksabbiegerspur muss zur\u00fcckgenommen werden, denn er f\u00fchrt zu \u00e4hnlichen Verkehrsproblemen.&#8220;<\/p>\n<p>Der OB-Kandidat beklagt, dass die Busse der Stoag &#8222;v\u00f6llig aus dem Takt geraten&#8220;, weil sie aufgrund der kombinierten Linksabbieger- \/ Geradeausspur zu den Sto\u00dfzeiten mehrere Ampelphasen warten m\u00fcssen. &#8222;Es sei denn, sie fahren verbotswidrig \u00fcber den breiten Radweg geradeaus, um zumindest einigerma\u00dfen p\u00fcnktlich zu sein.&#8220;<!--more--><\/p>\n<p>F\u00fcr Thorsten Berg steht fest: &#8222;Das Experiment ist gescheitert.&#8220; Der vor zwei Jahren erfolgte Umbau habe die Kreuzung verkehrstechnisch &#8222;verschlimmbessert&#8220;. Nach seiner Beobachtung profitieren auch die Radfahrer nicht, weil sie die breiten Radwege mitten auf der Kreuzung gar nicht nutzen, f\u00fcr die sie sich vom Hochbordfahrradweg in den Autoverkehr hineinschl\u00e4ngeln m\u00fcssten.<\/p>\n<p>&#8222;Das macht nat\u00fcrlich keiner, weil es buchst\u00e4blich lebensgef\u00e4hrlich ist. Oberb\u00fcrgermeister Daniel Schranz argumentiert zwar mantraartig, das Fahren auf Radfahrstreifen gelte als sicherer und die Kreuzung sei nach neuesten Erkenntnissen gestaltet worden. Aber Politik muss auch mal den Mut haben, Fehler einzugestehen, wenn sich vermeintlich gute L\u00f6sungen in der Praxis als untauglich erwiesen haben.&#8220;<\/p>\n<p>Die Liricher Stadtverordneten Sonja Bongers und B\u00fclent Sahin bef\u00fcrworten den R\u00fcckbau zur\u00fcck in den Originalzustand, da die Verkehrssituation dort unertr\u00e4glich geworden ist.<\/p>\n<p>Silke Wilts, planungspolitische Sprecherin der SPD-Fraktion, fordert, die weiteren Pl\u00e4ne \u00fcber die Radverkehrsf\u00fchrung im Nahmobilit\u00e4tskonzept kritisch zu \u00fcberdenken. &#8222;Sie sehen auch an anderen Stellen in Oberhausen Entwicklungen vor, die der gescheiterten Umgestaltung in Lirich \u00e4hneln&#8220;, meint Wilts.<\/p>\n","protected":false},"excerpt":{"rendered":"<p>Der Oberb\u00fcrgermeisterkandidat der Oberhausener SPD, Thorsten Berg, fordert den R\u00fcckbau der umstrittenen Kreuzung an der Concordiastra\u00dfe in ihren vorherigen Zustand. &#8222;Da herrschen jetzt unhaltbare, gef\u00e4hrliche Zust\u00e4nde und R\u00fcckstaus bis nach&hellip; <\/p>\n","protected":false},"author":1,"featured_media":0,"comment_status":"closed","ping_status":"closed","sticky":false,"template":"","format":"standard","meta":{"footnotes":""},"categories":[3070,7],"tags":[3615,4240,1347,4448,183,3723,4421,55,4450,4451,1137,4224,2453,287,2323,4449],"quellen":[326],"class_list":["post-12375","post","type-post","status-publish","format-standard","hentry","category-mobilitaet","category-sicherheit","tag-bebelstrasse","tag-concordiastrasse","tag-duisburger-strasse","tag-kreuzung-concordiastrasse","tag-lirich","tag-nahmobilitaetskonzept","tag-oberbuergermeisterkandidat","tag-oepnv","tag-radfahrstreifen","tag-radverkehrsfuehrung","tag-radwege","tag-spd-ob-kandidat","tag-spd-oberbuergermeisterkandidat","tag-stoag","tag-thorsten-berg","tag-verkehrssicherheit","quellen-spd-fraktion-oberhausen"],"_links":{"self":[{"href":"https:\/\/meier-gerdingh.de\/wp-spd-ob\/wp-json\/wp\/v2\/posts\/12375","targetHints":{"allow":["GET"]}}],"collection":[{"href":"https:\/\/meier-gerdingh.de\/wp-spd-ob\/wp-json\/wp\/v2\/posts"}],"about":[{"href":"https:\/\/meier-gerdingh.de\/wp-spd-ob\/wp-json\/wp\/v2\/types\/post"}],"author":[{"embeddable":true,"href":"https:\/\/meier-gerdingh.de\/wp-spd-ob\/wp-json\/wp\/v2\/users\/1"}],"replies":[{"embeddable":true,"href":"https:\/\/meier-gerdingh.de\/wp-spd-ob\/wp-json\/wp\/v2\/comments?post=12375"}],"version-history":[{"count":0,"href":"https:\/\/meier-gerdingh.de\/wp-spd-ob\/wp-json\/wp\/v2\/posts\/12375\/revisions"}],"wp:attachment":[{"href":"https:\/\/meier-gerdingh.de\/wp-spd-ob\/wp-json\/wp\/v2\/media?parent=12375"}],"wp:term":[{"taxonomy":"category","embeddable":true,"href":"https:\/\/meier-gerdingh.de\/wp-spd-ob\/wp-json\/wp\/v2\/categories?post=12375"},{"taxonomy":"post_tag","embeddable":true,"href":"https:\/\/meier-gerdingh.de\/wp-spd-ob\/wp-json\/wp\/v2\/tags?post=12375"},{"taxonomy":"quellen","embeddable":true,"href":"https:\/\/meier-gerdingh.de\/wp-spd-ob\/wp-json\/wp\/v2\/quellen?post=12375"}],"curies":[{"name":"wp","href":"https:\/\/api.w.org\/{rel}","templated":true}]}}