{"id":12396,"date":"2025-04-02T17:46:18","date_gmt":"2025-04-02T15:46:18","guid":{"rendered":"https:\/\/meier-gerdingh.de\/wp-spd-ob\/?p=12396"},"modified":"2025-04-03T17:49:59","modified_gmt":"2025-04-03T15:49:59","slug":"spielplatztor-bleibt-zu-spd-ratsmitglied-ist-irritiert","status":"publish","type":"post","link":"https:\/\/meier-gerdingh.de\/wp-spd-ob\/2025\/04\/02\/spielplatztor-bleibt-zu-spd-ratsmitglied-ist-irritiert\/","title":{"rendered":"Spielplatztor bleibt zu \u2013 SPD-Ratsmitglied ist irritiert"},"content":{"rendered":"<div id=\"attachment_9424\" style=\"width: 170px\" class=\"wp-caption alignleft\"><a href=\"https:\/\/meier-gerdingh.de\/wp-spd-ob\/wp-content\/uploads\/2022\/10\/janetzki-maximilian-portrait-lg.jpg\"><img aria-describedby=\"caption-attachment-9424\" decoding=\"async\" class=\"size-full wp-image-9424\" src=\"https:\/\/meier-gerdingh.de\/wp-spd-ob\/wp-content\/uploads\/2022\/10\/janetzki-maximilian-portrait.jpg\" alt=\"\" width=\"160\" height=\"200\" \/><\/a><p id=\"caption-attachment-9424\" class=\"wp-caption-text\">Maximilian Janetzki ist Sprecher der SPD-Ratsfraktion im Wirtschafts- und Digitalisierungs&shy;ausschuss<\/p><\/div>\n<p>Die Medienberichterstattung \u00fcber das verschlossene Tor zum Spielplatz an der Lohhecke hat beim SPD-Stadtverordneten Maximilian Janetzki f\u00fcr Irritationen gesorgt. Wie die WAZ berichtete, sei der Zugang vom Anwohnerparkplatz zum Spielplatz derzeit verschlossen aufgrund von B\u00fcrgerbeschwerden etwa wegen Ruhest\u00f6rung und Sachbesch\u00e4digung.<\/p>\n<p>Im Dezember des vergangenen Jahres sei schlie\u00dflich das Tor installiert worden, um so eine &#8222;dauerhafte Befriedigung der Situation&#8220; herbeizuf\u00fchren, so die Stadt. Dies irritiert vor allem, weil der Spielplatz \u00fcber die Hunsr\u00fcckstra\u00dfe, also mit einem kleinen Umweg, zug\u00e4nglich ist. Ob und wann das Spielplatztor wieder ge\u00f6ffnet werden soll, wolle die Verwaltung noch entscheiden, hei\u00dft es in dem Bericht.<!--more--><\/p>\n<p>&#8222;Auf welcher Grundlage \u2013 sei es ein Beschluss, eine Verwaltungsentscheidung oder \u00e4hnliches \u2013 ist diese Entscheidung denn gefallen und wie h\u00e4tte ich als zust\u00e4ndiges Ratsmitglied davon erfahren k\u00f6nnen?&#8220;, will Janetzki wissen.<\/p>\n<p>Zudem fragt der Stadtverordnete nach dem konkreten Zweck der Ma\u00dfnahme, den Beschwerden und ob das Tor bald wieder ge\u00f6ffnet werden soll. &#8222;Schlie\u00dflich d\u00fcrfen wir nicht vergessen, dass Kinderl\u00e4rm kein Beschwerdegrund ist, sondern zur freien Entfaltung in den Tagesstunden geh\u00f6rt&#8220;, so Janetzki abschlie\u00dfend.<\/p>\n","protected":false},"excerpt":{"rendered":"<p>Die Medienberichterstattung \u00fcber das verschlossene Tor zum Spielplatz an der Lohhecke hat beim SPD-Stadtverordneten Maximilian Janetzki f\u00fcr Irritationen gesorgt. Wie die WAZ berichtete, sei der Zugang vom Anwohnerparkplatz zum Spielplatz&hellip; <\/p>\n","protected":false},"author":1,"featured_media":0,"comment_status":"closed","ping_status":"closed","sticky":false,"template":"","format":"standard","meta":{"footnotes":""},"categories":[179],"tags":[4458,4459,886],"quellen":[326],"class_list":["post-12396","post","type-post","status-publish","format-standard","hentry","category-kinder-und-jugendliche","tag-hunsrueckstrasse","tag-spielplatz-hunsrueckstrasse","tag-spielplaetze","quellen-spd-fraktion-oberhausen"],"_links":{"self":[{"href":"https:\/\/meier-gerdingh.de\/wp-spd-ob\/wp-json\/wp\/v2\/posts\/12396","targetHints":{"allow":["GET"]}}],"collection":[{"href":"https:\/\/meier-gerdingh.de\/wp-spd-ob\/wp-json\/wp\/v2\/posts"}],"about":[{"href":"https:\/\/meier-gerdingh.de\/wp-spd-ob\/wp-json\/wp\/v2\/types\/post"}],"author":[{"embeddable":true,"href":"https:\/\/meier-gerdingh.de\/wp-spd-ob\/wp-json\/wp\/v2\/users\/1"}],"replies":[{"embeddable":true,"href":"https:\/\/meier-gerdingh.de\/wp-spd-ob\/wp-json\/wp\/v2\/comments?post=12396"}],"version-history":[{"count":0,"href":"https:\/\/meier-gerdingh.de\/wp-spd-ob\/wp-json\/wp\/v2\/posts\/12396\/revisions"}],"wp:attachment":[{"href":"https:\/\/meier-gerdingh.de\/wp-spd-ob\/wp-json\/wp\/v2\/media?parent=12396"}],"wp:term":[{"taxonomy":"category","embeddable":true,"href":"https:\/\/meier-gerdingh.de\/wp-spd-ob\/wp-json\/wp\/v2\/categories?post=12396"},{"taxonomy":"post_tag","embeddable":true,"href":"https:\/\/meier-gerdingh.de\/wp-spd-ob\/wp-json\/wp\/v2\/tags?post=12396"},{"taxonomy":"quellen","embeddable":true,"href":"https:\/\/meier-gerdingh.de\/wp-spd-ob\/wp-json\/wp\/v2\/quellen?post=12396"}],"curies":[{"name":"wp","href":"https:\/\/api.w.org\/{rel}","templated":true}]}}