{"id":12404,"date":"2025-04-10T17:48:34","date_gmt":"2025-04-10T15:48:34","guid":{"rendered":"https:\/\/meier-gerdingh.de\/wp-spd-ob\/?p=12404"},"modified":"2025-04-10T18:46:27","modified_gmt":"2025-04-10T16:46:27","slug":"spd-begruesst-kommunale-altschuldenloesung","status":"publish","type":"post","link":"https:\/\/meier-gerdingh.de\/wp-spd-ob\/2025\/04\/10\/spd-begruesst-kommunale-altschuldenloesung\/","title":{"rendered":"SPD begr\u00fc\u00dft kommunale Altschuldenl\u00f6sung"},"content":{"rendered":"<div id=\"attachment_12313\" style=\"width: 250px\" class=\"wp-caption alignleft\"><a href=\"https:\/\/meier-gerdingh.de\/wp-spd-ob\/wp-content\/uploads\/2025\/02\/thorsten-berg-25-02-lg.jpg\"><img aria-describedby=\"caption-attachment-12313\" decoding=\"async\" class=\"size-full wp-image-12313\" src=\"https:\/\/meier-gerdingh.de\/wp-spd-ob\/wp-content\/uploads\/2025\/02\/thorsten-berg-25-02.jpg\" alt=\"\" width=\"240\" height=\"360\" srcset=\"https:\/\/meier-gerdingh.de\/wp-spd-ob\/wp-content\/uploads\/2025\/02\/thorsten-berg-25-02.jpg 240w, https:\/\/meier-gerdingh.de\/wp-spd-ob\/wp-content\/uploads\/2025\/02\/thorsten-berg-25-02-200x300.jpg 200w\" sizes=\"(max-width: 240px) 100vw, 240px\" \/><\/a><p id=\"caption-attachment-12313\" class=\"wp-caption-text\">Thorsten Berg, der Oberb\u00fcrgermeister-Kandidat der Oberhausener SPD<\/p><\/div>\n<p>Thorsten Berg begr\u00fc\u00dft es, dass es die SPD geschafft hat, im Koalitionsvertrag eine Beteiligung an der Altschuldenl\u00f6sung zu zu verankern. &#8222;Das ist ein historischer Schritt, der f\u00fcr uns in Oberhausen sehr wichtig ist&#8220;, sagt der SPD-Oberb\u00fcrgermeister&shy;kandidat. Mit j\u00e4hrlich 250 Millionen Euro werde der Bund einen Beitrag zu der von den Bundesl\u00e4ndern durchzuf\u00fchrenden Entschuldung der St\u00e4dte leisten. &#8222;Leider hat es die Union verhindert eine h\u00f6here Beteiligung zu erm\u00f6glichen, die eigentlich notwendig w\u00e4re.&#8220;<\/p>\n<p>Berg hebt hervor, dass die neue Koalition festlegt, dass kommunale Aufgaben angemessen ausgestattet und neue Verpflichtungen mit einer entsprechenden finanziellen Unterst\u00fctzung einhergehen werden. &#8222;Das ist ein wichtiges Bekenntnis. Zumal bei allen Gesetzen ab sofort die Kommunalvertr\u00e4glichkeit beachtete werden soll. Denn viele Bundesregelungen haben finanzielle und organisatorische Auswirkungen auf die St\u00e4dte, und die sollen unter Beteiligung der kommunalen Spitzenverb\u00e4nde \u00fcberpr\u00fcft werden&#8220;, sagt Thorsten Berg.<!--more--><\/p>\n<p>Der SPD-Finanzexperte Stefan Zimkeit weist auf die Bedeutung des Versprechens hin, eine faire Aufgaben- und Finanzverteilung zwischen Bund, L\u00e4ndern und Kommunen hin. &#8222;Das ist gemeinsam mit dem 500-Milliarden-Sonderverm\u00f6gens f\u00fcr die Infrastruktur eine ganz wichtige Botschaft&#8220;, so Zimkeit. Thorsten Berg erg\u00e4nzt: &#8222;Ganz wichtig wird es sein, dass ein erheblicher Teil des Sonderverm\u00f6gens an die St\u00e4dte flie\u00dft. Denn hier bei uns gibt es den gr\u00f6\u00dften Investitionsbedarf.&#8220;<\/p>\n","protected":false},"excerpt":{"rendered":"<p>Thorsten Berg begr\u00fc\u00dft es, dass es die SPD geschafft hat, im Koalitionsvertrag eine Beteiligung an der Altschuldenl\u00f6sung zu zu verankern. &#8222;Das ist ein historischer Schritt, der f\u00fcr uns in Oberhausen&hellip; <\/p>\n","protected":false},"author":1,"featured_media":0,"comment_status":"closed","ping_status":"closed","sticky":false,"template":"","format":"standard","meta":{"footnotes":""},"categories":[180,98,216],"tags":[1259,3323,2346,3574,3064,14,4421,4224,2453,2323],"quellen":[331],"class_list":["post-12404","post","type-post","status-publish","format-standard","hentry","category-bund","category-finanzen","category-land","tag-altschulden","tag-altschuldenentlastung","tag-altschuldenloesung","tag-grundgesetzaenderung","tag-kommunale-altschulden","tag-kommunalfinanzen","tag-oberbuergermeisterkandidat","tag-spd-ob-kandidat","tag-spd-oberbuergermeisterkandidat","tag-thorsten-berg","quellen-mdl-stefan-zimkeit"],"_links":{"self":[{"href":"https:\/\/meier-gerdingh.de\/wp-spd-ob\/wp-json\/wp\/v2\/posts\/12404","targetHints":{"allow":["GET"]}}],"collection":[{"href":"https:\/\/meier-gerdingh.de\/wp-spd-ob\/wp-json\/wp\/v2\/posts"}],"about":[{"href":"https:\/\/meier-gerdingh.de\/wp-spd-ob\/wp-json\/wp\/v2\/types\/post"}],"author":[{"embeddable":true,"href":"https:\/\/meier-gerdingh.de\/wp-spd-ob\/wp-json\/wp\/v2\/users\/1"}],"replies":[{"embeddable":true,"href":"https:\/\/meier-gerdingh.de\/wp-spd-ob\/wp-json\/wp\/v2\/comments?post=12404"}],"version-history":[{"count":0,"href":"https:\/\/meier-gerdingh.de\/wp-spd-ob\/wp-json\/wp\/v2\/posts\/12404\/revisions"}],"wp:attachment":[{"href":"https:\/\/meier-gerdingh.de\/wp-spd-ob\/wp-json\/wp\/v2\/media?parent=12404"}],"wp:term":[{"taxonomy":"category","embeddable":true,"href":"https:\/\/meier-gerdingh.de\/wp-spd-ob\/wp-json\/wp\/v2\/categories?post=12404"},{"taxonomy":"post_tag","embeddable":true,"href":"https:\/\/meier-gerdingh.de\/wp-spd-ob\/wp-json\/wp\/v2\/tags?post=12404"},{"taxonomy":"quellen","embeddable":true,"href":"https:\/\/meier-gerdingh.de\/wp-spd-ob\/wp-json\/wp\/v2\/quellen?post=12404"}],"curies":[{"name":"wp","href":"https:\/\/api.w.org\/{rel}","templated":true}]}}