{"id":12405,"date":"2025-04-08T17:59:10","date_gmt":"2025-04-08T15:59:10","guid":{"rendered":"https:\/\/meier-gerdingh.de\/wp-spd-ob\/?p=12405"},"modified":"2025-04-11T16:16:15","modified_gmt":"2025-04-11T14:16:15","slug":"spd-laedt-ein-zur-osterschule-2025","status":"publish","type":"post","link":"https:\/\/meier-gerdingh.de\/wp-spd-ob\/2025\/04\/08\/spd-laedt-ein-zur-osterschule-2025\/","title":{"rendered":"SPD l\u00e4dt ein zur Osterschule 2025"},"content":{"rendered":"<p><a href=\"https:\/\/meier-gerdingh.de\/wp-spd-ob\/wp-content\/uploads\/2025\/04\/banner-spd-osterschule-2025-small.jpg\"><img decoding=\"async\" class=\"aligncenter size-full wp-image-12410\" src=\"https:\/\/meier-gerdingh.de\/wp-spd-ob\/wp-content\/uploads\/2025\/04\/banner-spd-osterschule-2025-small.jpg\" alt=\"\" width=\"700\" height=\"250\" srcset=\"https:\/\/meier-gerdingh.de\/wp-spd-ob\/wp-content\/uploads\/2025\/04\/banner-spd-osterschule-2025-small.jpg 700w, https:\/\/meier-gerdingh.de\/wp-spd-ob\/wp-content\/uploads\/2025\/04\/banner-spd-osterschule-2025-small-300x107.jpg 300w\" sizes=\"(max-width: 700px) 100vw, 700px\" \/><\/a>Die Osterferien stehen unmittelbar vor der T\u00fcr, Zeit f\u00fcr die Ferienschule der SPD-Ratsfraktion! In beiden Ferienwochen laden die Sozialdemokraten Oberhausenerinnen und Oberhausener herzlich ein, die Teilnahme ist kostenlos!<\/p>\n<p>Lange haben sie gebaut, renoviert und restauriert, nun ist das <strong>Haus f\u00fcr junge Menschen des CVJM<\/strong> an der Marktstra\u00dfe 150 so gut wie fertig und damit auch vorzeigbar: Grund genug, sich die R\u00e4umlichkeiten einmal genau anzuschauen. In dem vereinseigenen Geb\u00e4ude sind etwa 19 barrierearme Wohnungen f\u00fcr Jugendliche, Auszubildende und Studierende entstanden. Eine Gemeinschaftsk\u00fcche, B\u00fcro- und Gesch\u00e4ftsr\u00e4ume sowie ein Jugendzentrum im Erdgeschoss geh\u00f6ren ebenfalls dazu. Eine F\u00fchrung durch die neue Einrichtung beginnt am <strong>Dienstag, 15. April, um 16 Uhr<\/strong>.<\/p>\n<div class='ajde_evcal_calendar eventon_single_event eventon_event evo_sin_box sev cev color esty_2' ><div class='evo-data'   data-ux_val='1' data-exturl='' data-mapscroll='true' data-mapformat='roadmap' data-mapzoom='16' ><\/div><div class='evo_cal_data' data-sc='{\"excerpt\":\"no\",\"expanded\":\"no\",\"ux_val\":1,\"exturl\":\"\",\"mapscroll\":\"true\",\"mapformat\":\"roadmap\",\"mapzoom\":\"16\",\"maps_load\":\"yes\"}'><\/div><div id='evcal_list' class='eventon_events_list '>Missing Event Data<\/div><\/div>\n<p>Am <strong>Mittwoch, 23. April<\/strong>, geht es in die <strong>Naturerlebnisschule des Tiergeheges im Kaisergarten<\/strong>. <strong>Von 12 bis 13.30 Uhr<\/strong> wartet auf unsere kleinen G\u00e4ste und ihre gro\u00dfen Begleiter \u2013 seien es Eltern, Gro\u00dfeltern, Geschwister, oder wer auch immer \u2013 eine p\u00e4dagogische F\u00fchrung. Treffpunkt ist direkt an der Erlebnisschule im Tiergehege.<\/p>\n<div class='ajde_evcal_calendar eventon_single_event eventon_event evo_sin_box sev cev color esty_2' ><div class='evo-data'   data-ux_val='1' data-exturl='' data-mapscroll='true' data-mapformat='roadmap' data-mapzoom='16' ><\/div><div class='evo_cal_data' data-sc='{\"excerpt\":\"no\",\"expanded\":\"no\",\"ux_val\":1,\"exturl\":\"\",\"mapscroll\":\"true\",\"mapformat\":\"roadmap\",\"mapzoom\":\"16\",\"maps_load\":\"yes\"}'><\/div><div id='evcal_list' class='eventon_events_list '>Missing Event Data<\/div><\/div>\n<p>Da die Teilnehmerzahl in beiden F\u00e4llen auf 25 Personen begrenzt ist, bitten wir auf jeden Fall um eine Voranmeldung am liebsten per Mail unter <a href=\"mailto:buero@spd-fraktion-oberhausen.de\">buero@spd-fraktion-oberhausen.de<\/a> oder telefonisch unter (0208) 825-3479.<\/p>\n","protected":false},"excerpt":{"rendered":"<p>Die Osterferien stehen unmittelbar vor der T\u00fcr, Zeit f\u00fcr die Ferienschule der SPD-Ratsfraktion! In beiden Ferienwochen laden die Sozialdemokraten Oberhausenerinnen und Oberhausener herzlich ein, die Teilnahme ist kostenlos! Lange haben&hellip; <\/p>\n","protected":false},"author":1,"featured_media":0,"comment_status":"closed","ping_status":"closed","sticky":false,"template":"","format":"standard","meta":{"footnotes":""},"categories":[173,171],"tags":[4462,4460,4461,22,1082,4463,101,942],"quellen":[326],"class_list":["post-12405","post","type-post","status-publish","format-standard","hentry","category-parteileben","category-veranstaltungen","tag-barrierearmes-wohnen","tag-cvjm","tag-haus-fuer-junge-menschen","tag-kaisergarten","tag-marktstrasse","tag-naturerlebnisschule-kaisergarten","tag-spd-osterschule","tag-tiergehege-kaisergarten","quellen-spd-fraktion-oberhausen"],"_links":{"self":[{"href":"https:\/\/meier-gerdingh.de\/wp-spd-ob\/wp-json\/wp\/v2\/posts\/12405","targetHints":{"allow":["GET"]}}],"collection":[{"href":"https:\/\/meier-gerdingh.de\/wp-spd-ob\/wp-json\/wp\/v2\/posts"}],"about":[{"href":"https:\/\/meier-gerdingh.de\/wp-spd-ob\/wp-json\/wp\/v2\/types\/post"}],"author":[{"embeddable":true,"href":"https:\/\/meier-gerdingh.de\/wp-spd-ob\/wp-json\/wp\/v2\/users\/1"}],"replies":[{"embeddable":true,"href":"https:\/\/meier-gerdingh.de\/wp-spd-ob\/wp-json\/wp\/v2\/comments?post=12405"}],"version-history":[{"count":0,"href":"https:\/\/meier-gerdingh.de\/wp-spd-ob\/wp-json\/wp\/v2\/posts\/12405\/revisions"}],"wp:attachment":[{"href":"https:\/\/meier-gerdingh.de\/wp-spd-ob\/wp-json\/wp\/v2\/media?parent=12405"}],"wp:term":[{"taxonomy":"category","embeddable":true,"href":"https:\/\/meier-gerdingh.de\/wp-spd-ob\/wp-json\/wp\/v2\/categories?post=12405"},{"taxonomy":"post_tag","embeddable":true,"href":"https:\/\/meier-gerdingh.de\/wp-spd-ob\/wp-json\/wp\/v2\/tags?post=12405"},{"taxonomy":"quellen","embeddable":true,"href":"https:\/\/meier-gerdingh.de\/wp-spd-ob\/wp-json\/wp\/v2\/quellen?post=12405"}],"curies":[{"name":"wp","href":"https:\/\/api.w.org\/{rel}","templated":true}]}}