{"id":12426,"date":"2025-04-26T18:07:23","date_gmt":"2025-04-26T16:07:23","guid":{"rendered":"https:\/\/meier-gerdingh.de\/wp-spd-ob\/?p=12426"},"modified":"2025-04-26T18:52:07","modified_gmt":"2025-04-26T16:52:07","slug":"einladung-zur-buergersprechstunde-in-holten","status":"publish","type":"post","link":"https:\/\/meier-gerdingh.de\/wp-spd-ob\/2025\/04\/26\/einladung-zur-buergersprechstunde-in-holten\/","title":{"rendered":"Einladung zur B\u00fcrgersprechstunde in Holten"},"content":{"rendered":"<p><a href=\"https:\/\/meier-gerdingh.de\/wp-spd-ob\/wp-content\/uploads\/2025\/04\/banner-buergersprechstunde-holten-2025-lg.jpg\"><img decoding=\"async\" class=\"aligncenter size-full wp-image-12424\" src=\"https:\/\/meier-gerdingh.de\/wp-spd-ob\/wp-content\/uploads\/2025\/04\/banner-buergersprechstunde-holten-2025.jpg\" alt=\"\" width=\"700\" height=\"394\" srcset=\"https:\/\/meier-gerdingh.de\/wp-spd-ob\/wp-content\/uploads\/2025\/04\/banner-buergersprechstunde-holten-2025.jpg 700w, https:\/\/meier-gerdingh.de\/wp-spd-ob\/wp-content\/uploads\/2025\/04\/banner-buergersprechstunde-holten-2025-300x169.jpg 300w\" sizes=\"(max-width: 700px) 100vw, 700px\" \/><\/a>Zur B\u00fcrgersprechstunde am <strong>Dienstag, 6. Mai 2025<\/strong>, laden der SPD-Stadtverordnete f\u00fcr Holten, Helmut Brodrick, und Hans-G\u00fcnter Wrobel, Mitglied der Bezirksvertretung Sterkrade, ins Holtener <strong>Caf\u00e9 Mirano<\/strong> auf der <strong>Burgstra\u00dfe 10<\/strong> ein. Der Austausch beginnt um <strong>16 Uhr<\/strong>.<\/p>\n<p>B\u00fcrgerinnen und B\u00fcrger haben dann zwei Stunden lang die M\u00f6glichkeit, Fragen zu stellen, Anregungen zu geben und Ideen einzubringen.<\/p>\n<p><div class='ajde_evcal_calendar eventon_single_event eventon_event evo_sin_box sev cev color esty_2' ><div class='evo-data'   data-ux_val='1' data-exturl='' data-mapscroll='true' data-mapformat='roadmap' data-mapzoom='16' ><\/div><div class='evo_cal_data' data-sc='{\"excerpt\":\"no\",\"expanded\":\"no\",\"ux_val\":1,\"exturl\":\"\",\"mapscroll\":\"true\",\"mapformat\":\"roadmap\",\"mapzoom\":\"16\",\"maps_load\":\"yes\"}'><\/div><div id='evcal_list' class='eventon_events_list '>Missing Event Data<\/div><\/div><!--more--><\/p>\n","protected":false},"excerpt":{"rendered":"<p>Zur B\u00fcrgersprechstunde am Dienstag, 6. Mai 2025, laden der SPD-Stadtverordnete f\u00fcr Holten, Helmut Brodrick, und Hans-G\u00fcnter Wrobel, Mitglied der Bezirksvertretung Sterkrade, ins Holtener Caf\u00e9 Mirano auf der Burgstra\u00dfe 10 ein.&hellip; <\/p>\n","protected":false},"author":1,"featured_media":0,"comment_status":"closed","ping_status":"closed","sticky":false,"template":"","format":"standard","meta":{"footnotes":""},"categories":[171],"tags":[4472,386,46],"quellen":[336],"class_list":["post-12426","post","type-post","status-publish","format-standard","hentry","category-veranstaltungen","tag-buergersprechstunde","tag-holten","tag-sterkrade","quellen-ov-alsfeld-holten"],"_links":{"self":[{"href":"https:\/\/meier-gerdingh.de\/wp-spd-ob\/wp-json\/wp\/v2\/posts\/12426","targetHints":{"allow":["GET"]}}],"collection":[{"href":"https:\/\/meier-gerdingh.de\/wp-spd-ob\/wp-json\/wp\/v2\/posts"}],"about":[{"href":"https:\/\/meier-gerdingh.de\/wp-spd-ob\/wp-json\/wp\/v2\/types\/post"}],"author":[{"embeddable":true,"href":"https:\/\/meier-gerdingh.de\/wp-spd-ob\/wp-json\/wp\/v2\/users\/1"}],"replies":[{"embeddable":true,"href":"https:\/\/meier-gerdingh.de\/wp-spd-ob\/wp-json\/wp\/v2\/comments?post=12426"}],"version-history":[{"count":0,"href":"https:\/\/meier-gerdingh.de\/wp-spd-ob\/wp-json\/wp\/v2\/posts\/12426\/revisions"}],"wp:attachment":[{"href":"https:\/\/meier-gerdingh.de\/wp-spd-ob\/wp-json\/wp\/v2\/media?parent=12426"}],"wp:term":[{"taxonomy":"category","embeddable":true,"href":"https:\/\/meier-gerdingh.de\/wp-spd-ob\/wp-json\/wp\/v2\/categories?post=12426"},{"taxonomy":"post_tag","embeddable":true,"href":"https:\/\/meier-gerdingh.de\/wp-spd-ob\/wp-json\/wp\/v2\/tags?post=12426"},{"taxonomy":"quellen","embeddable":true,"href":"https:\/\/meier-gerdingh.de\/wp-spd-ob\/wp-json\/wp\/v2\/quellen?post=12426"}],"curies":[{"name":"wp","href":"https:\/\/api.w.org\/{rel}","templated":true}]}}