{"id":12473,"date":"2025-05-15T13:37:06","date_gmt":"2025-05-15T11:37:06","guid":{"rendered":"https:\/\/meier-gerdingh.de\/wp-spd-ob\/?p=12473"},"modified":"2025-05-16T13:39:31","modified_gmt":"2025-05-16T11:39:31","slug":"spd-und-fdp-muessen-ihre-mehrheit-suchen","status":"publish","type":"post","link":"https:\/\/meier-gerdingh.de\/wp-spd-ob\/2025\/05\/15\/spd-und-fdp-muessen-ihre-mehrheit-suchen\/","title":{"rendered":"SPD und FDP m\u00fcssen ihre Mehrheit suchen"},"content":{"rendered":"<div id=\"attachment_9444\" style=\"width: 170px\" class=\"wp-caption alignleft\"><a href=\"https:\/\/meier-gerdingh.de\/wp-spd-ob\/wp-content\/uploads\/2022\/10\/wilts-silke-portrait-lg.jpg\"><img aria-describedby=\"caption-attachment-9444\" decoding=\"async\" class=\"size-full wp-image-9444\" src=\"https:\/\/meier-gerdingh.de\/wp-spd-ob\/wp-content\/uploads\/2022\/10\/wilts-silke-portrait.jpg\" alt=\"\" width=\"160\" height=\"200\" \/><\/a><p id=\"caption-attachment-9444\" class=\"wp-caption-text\">Silke Wilts ist Sprecherin der SPD-Fraktion Im Stadtplanungs- und Mobilit\u00e4tsausschuss<\/p><\/div>\n<p>Wie soll es mit den umstrittenen Kreuzungen im Bereich der Bebel- und Concordiastra\u00dfe weitergehen? Die SPD hatte gemeinsam mit der FDP einen Antrag vorgelegt, der zun\u00e4chst eine kurzfristige Verbesserung der unhaltbaren Situation und bis zum Ende des Jahres eine endg\u00fcltige Planung vorsieht, die die verkehrliche Situation an diesen neuralgischen Punkten entsch\u00e4rft. Wer damit gerechnet hat, dass die Argumente von SPD und FDP, vor allem aber die vielstimmige Kritik aus der B\u00fcrgerschaft an der derzeitigen Situation f\u00fcr klare Verh\u00e4ltnisse in der lokalen Politik sorgen w\u00fcrden, sah sich get\u00e4uscht.<\/p>\n<p>Im Planungsausschuss am Donnerstag best\u00e4tigte der planungspolitische Sprecher der CDU, Denis Osmann, den Wunsch seiner Fraktion nach einer raschen Verbesserung, k\u00fcndigte f\u00fcr die Ratssitzung dennoch einen \u00c4nderungsantrag an. Auch die Gr\u00fcnen wollten dem Antrag nicht folgen: m\u00f6gliche F\u00f6rdergeld-R\u00fcckforderungen und weitere Kosten spr\u00e4chen dagegen, au\u00dferdem zeigten Begriffe wie &#8222;schwerwiegendste Sicherheitsprobleme&#8220; und &#8222;R\u00fcckstausituationen&#8220; in dem Antrag, dass die Antragsteller mit \u00c4ngsten arbeiten w\u00fcrden, eine Evaluation sei abzuwarten.<!--more--><\/p>\n<p>Da SPD und FDP \u00fcber keine Mehrheit im Rat verf\u00fcgen, steht eine schnelle Verbesserung der verkehrlichen Situation entlang der Bebel- und Concordiastra\u00dfe zumindest auf wackligen F\u00fc\u00dfen. Die planungspolitische Sprecherin der SPD-Fraktion, Silke Wilts, hatte an die anderen Parteien appelliert, \u00fcber ihren Schatten zu springen:<\/p>\n<p>&#8222;Gute Politik erkennt auch mal eigene Fehler und hat den Mut, diese zu korrigieren. Schlechte Politik steckt den Kopf in den Sand. Machen Sie doch gemeinsam mit uns gute Politik!&#8220; Vielleicht f\u00e4llt dieser Appell noch auf fruchtbaren Boden: In der Ratssitzung am Montag der \u00fcbern\u00e4chsten Woche f\u00e4llt die Entscheidung.<\/p>\n","protected":false},"excerpt":{"rendered":"<p>Wie soll es mit den umstrittenen Kreuzungen im Bereich der Bebel- und Concordiastra\u00dfe weitergehen? Die SPD hatte gemeinsam mit der FDP einen Antrag vorgelegt, der zun\u00e4chst eine kurzfristige Verbesserung der&hellip; <\/p>\n","protected":false},"author":1,"featured_media":0,"comment_status":"closed","ping_status":"closed","sticky":false,"template":"","format":"standard","meta":{"footnotes":""},"categories":[3070,7],"tags":[3615,4240,4176,4485,183,389,1814,4449],"quellen":[326],"class_list":["post-12473","post","type-post","status-publish","format-standard","hentry","category-mobilitaet","category-sicherheit","tag-bebelstrasse","tag-concordiastrasse","tag-fahrradverkehr","tag-kreuzungen","tag-lirich","tag-planungsausschuss","tag-verkehrsfuehrung","tag-verkehrssicherheit","quellen-spd-fraktion-oberhausen"],"_links":{"self":[{"href":"https:\/\/meier-gerdingh.de\/wp-spd-ob\/wp-json\/wp\/v2\/posts\/12473","targetHints":{"allow":["GET"]}}],"collection":[{"href":"https:\/\/meier-gerdingh.de\/wp-spd-ob\/wp-json\/wp\/v2\/posts"}],"about":[{"href":"https:\/\/meier-gerdingh.de\/wp-spd-ob\/wp-json\/wp\/v2\/types\/post"}],"author":[{"embeddable":true,"href":"https:\/\/meier-gerdingh.de\/wp-spd-ob\/wp-json\/wp\/v2\/users\/1"}],"replies":[{"embeddable":true,"href":"https:\/\/meier-gerdingh.de\/wp-spd-ob\/wp-json\/wp\/v2\/comments?post=12473"}],"version-history":[{"count":0,"href":"https:\/\/meier-gerdingh.de\/wp-spd-ob\/wp-json\/wp\/v2\/posts\/12473\/revisions"}],"wp:attachment":[{"href":"https:\/\/meier-gerdingh.de\/wp-spd-ob\/wp-json\/wp\/v2\/media?parent=12473"}],"wp:term":[{"taxonomy":"category","embeddable":true,"href":"https:\/\/meier-gerdingh.de\/wp-spd-ob\/wp-json\/wp\/v2\/categories?post=12473"},{"taxonomy":"post_tag","embeddable":true,"href":"https:\/\/meier-gerdingh.de\/wp-spd-ob\/wp-json\/wp\/v2\/tags?post=12473"},{"taxonomy":"quellen","embeddable":true,"href":"https:\/\/meier-gerdingh.de\/wp-spd-ob\/wp-json\/wp\/v2\/quellen?post=12473"}],"curies":[{"name":"wp","href":"https:\/\/api.w.org\/{rel}","templated":true}]}}