{"id":12477,"date":"2025-05-24T15:19:25","date_gmt":"2025-05-24T13:19:25","guid":{"rendered":"https:\/\/meier-gerdingh.de\/wp-spd-ob\/?p=12477"},"modified":"2025-07-09T16:46:04","modified_gmt":"2025-07-09T14:46:04","slug":"spd-wieder-auf-dialogtour-durch-alstaden-und-lirich","status":"publish","type":"post","link":"https:\/\/meier-gerdingh.de\/wp-spd-ob\/2025\/05\/24\/spd-wieder-auf-dialogtour-durch-alstaden-und-lirich\/","title":{"rendered":"SPD wieder auf Dialogtour durch Alstaden und Lirich"},"content":{"rendered":"<p><a href=\"https:\/\/meier-gerdingh.de\/wp-spd-ob\/wp-content\/uploads\/2025\/05\/banner-ov-west-dialog-tour-25-alstaden.jpg\"><img decoding=\"async\" class=\"aligncenter size-full wp-image-12487\" src=\"https:\/\/meier-gerdingh.de\/wp-spd-ob\/wp-content\/uploads\/2025\/05\/banner-ov-west-dialog-tour-25-alstaden.jpg\" alt=\"\" width=\"700\" height=\"875\" srcset=\"https:\/\/meier-gerdingh.de\/wp-spd-ob\/wp-content\/uploads\/2025\/05\/banner-ov-west-dialog-tour-25-alstaden.jpg 700w, https:\/\/meier-gerdingh.de\/wp-spd-ob\/wp-content\/uploads\/2025\/05\/banner-ov-west-dialog-tour-25-alstaden-240x300.jpg 240w\" sizes=\"(max-width: 700px) 100vw, 700px\" \/><\/a>Der SPD-Ortsverein Oberhausen-West ist wieder unterwegs und setzt seine traditionelle Dialogtour durch Alstaden und Lirich fort. Waren w\u00e4hrend des Winterwahlkampfs zur Bundestagswahl noch M\u00fctze und Handschuhe erforderlich, freuen sich die Genossinnen und Genossen jetzt auf einen Austausch mit den B\u00fcrgerinnen und B\u00fcrgern bei angenehmen Fr\u00fchlingstemperaturen.<\/p>\n<p>Am kommenden <strong>Freitag, 23.05.2025<\/strong>, stehen die Oberhausener Landtagsabgeordnete Sonja Bongers und der Ortsvereinsvorsitzende Alexis Heitmann allen Interessierten <strong>ab 16 Uhr<\/strong> an der <strong>Duisburger Stra\u00dfe<\/strong>, H\u00f6he Hausnummer 537, <strong>vor Matus Burritos<\/strong> zum Austausch zur Verf\u00fcgung.<\/p>\n<p>Am <strong>Samstag, 31.05.2025<\/strong>, ist die SPD unter anderem mit der Alstadener Stadtverordneten Dagmar Heitmann sowie mit Jutta Klu\u00df, Mitglied der Bezirksvertretung Alt-Oberhausen, <strong>ab 9 Uhr<\/strong> auf der <strong>Bebelstra\u00dfe<\/strong> in Alstaden, H\u00f6he Hausnummer 212, <strong>vor dem Netto-Markt<\/strong> ansprechbar.<\/p>\n<div class='ajde_evcal_calendar eventon_single_event eventon_event evo_sin_box sev cev color esty_2' ><div class='evo-data'   data-ux_val='1' data-exturl='' data-mapscroll='true' data-mapformat='roadmap' data-mapzoom='16' ><\/div><div class='evo_cal_data' data-sc='{\"excerpt\":\"no\",\"expanded\":\"no\",\"ux_val\":1,\"exturl\":\"\",\"mapscroll\":\"true\",\"mapformat\":\"roadmap\",\"mapzoom\":\"16\",\"maps_load\":\"yes\"}'><\/div><div id='evcal_list' class='eventon_events_list '>Missing Event Data<\/div><\/div>\n<p><div class='ajde_evcal_calendar eventon_single_event eventon_event evo_sin_box sev cev color esty_2' ><div class='evo-data'   data-ux_val='1' data-exturl='' data-mapscroll='true' data-mapformat='roadmap' data-mapzoom='16' ><\/div><div class='evo_cal_data' data-sc='{\"excerpt\":\"no\",\"expanded\":\"no\",\"ux_val\":1,\"exturl\":\"\",\"mapscroll\":\"true\",\"mapformat\":\"roadmap\",\"mapzoom\":\"16\",\"maps_load\":\"yes\"}'><\/div><div id='evcal_list' class='eventon_events_list '>Missing Event Data<\/div><\/div><!--more--><\/p>\n","protected":false},"excerpt":{"rendered":"<p>Der SPD-Ortsverein Oberhausen-West ist wieder unterwegs und setzt seine traditionelle Dialogtour durch Alstaden und Lirich fort. Waren w\u00e4hrend des Winterwahlkampfs zur Bundestagswahl noch M\u00fctze und Handschuhe erforderlich, freuen sich die&hellip; <\/p>\n","protected":false},"author":1,"featured_media":0,"comment_status":"closed","ping_status":"closed","sticky":false,"template":"","format":"standard","meta":{"footnotes":""},"categories":[167,171],"tags":[134,3473,3665,1671,183],"quellen":[335],"class_list":["post-12477","post","type-post","status-publish","format-standard","hentry","category-stadtteile","category-veranstaltungen","tag-alstaden","tag-buergergespraeche","tag-dialogtour","tag-infostand","tag-lirich","quellen-ov-west"],"_links":{"self":[{"href":"https:\/\/meier-gerdingh.de\/wp-spd-ob\/wp-json\/wp\/v2\/posts\/12477","targetHints":{"allow":["GET"]}}],"collection":[{"href":"https:\/\/meier-gerdingh.de\/wp-spd-ob\/wp-json\/wp\/v2\/posts"}],"about":[{"href":"https:\/\/meier-gerdingh.de\/wp-spd-ob\/wp-json\/wp\/v2\/types\/post"}],"author":[{"embeddable":true,"href":"https:\/\/meier-gerdingh.de\/wp-spd-ob\/wp-json\/wp\/v2\/users\/1"}],"replies":[{"embeddable":true,"href":"https:\/\/meier-gerdingh.de\/wp-spd-ob\/wp-json\/wp\/v2\/comments?post=12477"}],"version-history":[{"count":0,"href":"https:\/\/meier-gerdingh.de\/wp-spd-ob\/wp-json\/wp\/v2\/posts\/12477\/revisions"}],"wp:attachment":[{"href":"https:\/\/meier-gerdingh.de\/wp-spd-ob\/wp-json\/wp\/v2\/media?parent=12477"}],"wp:term":[{"taxonomy":"category","embeddable":true,"href":"https:\/\/meier-gerdingh.de\/wp-spd-ob\/wp-json\/wp\/v2\/categories?post=12477"},{"taxonomy":"post_tag","embeddable":true,"href":"https:\/\/meier-gerdingh.de\/wp-spd-ob\/wp-json\/wp\/v2\/tags?post=12477"},{"taxonomy":"quellen","embeddable":true,"href":"https:\/\/meier-gerdingh.de\/wp-spd-ob\/wp-json\/wp\/v2\/quellen?post=12477"}],"curies":[{"name":"wp","href":"https:\/\/api.w.org\/{rel}","templated":true}]}}