{"id":12484,"date":"2025-05-22T14:10:49","date_gmt":"2025-05-22T12:10:49","guid":{"rendered":"https:\/\/meier-gerdingh.de\/wp-spd-ob\/?p=12484"},"modified":"2025-05-22T15:16:49","modified_gmt":"2025-05-22T13:16:49","slug":"nrw-muss-mobil-bleiben","status":"publish","type":"post","link":"https:\/\/meier-gerdingh.de\/wp-spd-ob\/2025\/05\/22\/nrw-muss-mobil-bleiben\/","title":{"rendered":"NRW muss mobil bleiben"},"content":{"rendered":"<p><a href=\"https:\/\/meier-gerdingh.de\/wp-spd-ob\/wp-content\/uploads\/2023\/03\/banner-diese-woche-im-landtag-01.jpg\"><img decoding=\"async\" class=\"aligncenter size-full wp-image-10267\" src=\"https:\/\/meier-gerdingh.de\/wp-spd-ob\/wp-content\/uploads\/2023\/03\/banner-diese-woche-im-landtag-01.jpg\" alt=\"\" width=\"700\" height=\"258\" srcset=\"https:\/\/meier-gerdingh.de\/wp-spd-ob\/wp-content\/uploads\/2023\/03\/banner-diese-woche-im-landtag-01.jpg 700w, https:\/\/meier-gerdingh.de\/wp-spd-ob\/wp-content\/uploads\/2023\/03\/banner-diese-woche-im-landtag-01-300x111.jpg 300w\" sizes=\"(max-width: 700px) 100vw, 700px\" \/><\/a><\/p>\n<div id=\"attachment_7690\" style=\"width: 170px\" class=\"wp-caption alignleft\"><a href=\"https:\/\/meier-gerdingh.de\/wp-spd-ob\/wp-content\/uploads\/2020\/11\/bongers-sonja-2020-lg.jpg\"><img aria-describedby=\"caption-attachment-7690\" decoding=\"async\" class=\"size-full wp-image-7690\" src=\"https:\/\/meier-gerdingh.de\/wp-spd-ob\/wp-content\/uploads\/2020\/11\/bongers-sonja-2020.jpg\" alt=\"\" width=\"160\" height=\"200\" \/><\/a><p id=\"caption-attachment-7690\" class=\"wp-caption-text\">Sonja Bongers ist Vorsitzende der SPD-Ratsfraktion und Mitglied des Landtags von Nordrhein-Westfalen<\/p><\/div>\n<p>Mobilit\u00e4t ist ein Grundrecht und eine Voraussetzung f\u00fcr gesellschaftliche Teilhabe \u2013 besonders f\u00fcr berufst\u00e4tige Familien. Die Anl\u00e4sse sind ganz unterschiedlich, sei es der Weg, zur Arbeit, zur Kita, Schule oder Ausbildung, zum Einkaufen, Sport, Familie, Freundinnen und Freunden oder Ehrenamt. Diese und auch andere Wegstrecken legen wir als Gesellschaft zur\u00fcck.<\/p>\n<p>&#8222;In den vielen unterschiedlichen Lebensrealit\u00e4ten muss jede und jeder von uns selbst entscheiden k\u00f6nnen, wie der Weg von A nach B gestaltet wird&#8220;, sagt die SPD-Landtagsabgeordnete Sonja Bongers. Ob zu Fu\u00df, mit dem Fahrrad, dem \u00d6PNV, dem Auto oder einer Kombination daraus: Die Mobilit\u00e4tskette richte sich in der Realit\u00e4t neben pers\u00f6nlichen Vorlieben und finanziellen M\u00f6glichkeiten ganz h\u00e4ufig nach den Anl\u00e4ssen, Verf\u00fcgbarkeit und Wegstrecken, die zur\u00fcckgelegt w\u00fcrden, so Bongers weiter.<!--more--><\/p>\n<h3 class=\"spd-ob-crossheading\">Verl\u00e4ssliche Angebote<\/h3>\n<p>Eine Wahlm\u00f6glichkeit setzt voraus, dass verl\u00e4ssliche, sichere und alltagsnahe Angebote vorhanden sind \u2013 in der Stadt wie auf dem Land. Entscheidend ist ein guter Mix, der barrierearm, sicher und vernetzt ist.<\/p>\n<p>Eine Verkehrswende kann nur gelingen, wenn Mobilit\u00e4tsformen nicht gegeneinander ausgespielt werden, sondern so miteinander verzahnt sind, dass sie berufst\u00e4tigen Familien echte Optionen im Alltag bieten.<\/p>\n<p>Dazu geh\u00f6ren sichere Fu\u00df- und Radwege insbesondere f\u00fcr kurze Strecken und Schulwege, bequeme Umstiegsm\u00f6glichkeiten zwischen Fahrrad, \u00d6PNV und Auto sowie eine Infrastruktur, die verschiedene Mobilit\u00e4tsformen intelligent verbindet &#8211; etwa durch Bike &amp; Ride, Carsharing, Park &amp; Ride-Anlagen oder gut getaktete Schnellbusse.<\/p>\n<p>Ein verl\u00e4sslicher und gut ausgebauter \u00d6PNV ist eine entscheidende Voraussetzung daf\u00fcr, dass Mobilit\u00e4t f\u00fcr alle zug\u00e4nglich bleibt. Gerade Familien- ob mit Kindern, pflegebed\u00fcrftigen Angeh\u00f6rigen oder unterschiedlichen Arbeitswegen &#8211; ben\u00f6tigen flexible Angebote.<\/p>\n<p>Der Fu\u00dfverkehr bildet weiterhin das Fundament und den Ausgangspunkt jeder Mobilit\u00e4t. Denn jeder Weg beginnt f\u00fcr kurz oder lang zu Fu\u00df &#8211; sei es zur Bushaltestelle, zum Bahnhof, zum Carsharing oder zum Supermarkt. Die Attraktivit\u00e4t von Bus und Bahn h\u00e4ngt wesentlich auch davon ab, ob der Weg dorthin sicher, barrierearm und wohnortnah zur\u00fcckgelegt werden kann.<\/p>\n<p>Dabei sind gerade f\u00fcr Familien die Sicherheit auf Gehwegen und an Querungen, sowie die gute Beleuchtung auf Schul- und Alltagswegen von besonderer Bedeutung. Mobilit\u00e4tsangebote m\u00fcssen sich dem Alltag der Menschen anpassen &#8211; nicht umgekehrt.<\/p>\n","protected":false},"excerpt":{"rendered":"<p>Mobilit\u00e4t ist ein Grundrecht und eine Voraussetzung f\u00fcr gesellschaftliche Teilhabe \u2013 besonders f\u00fcr berufst\u00e4tige Familien. Die Anl\u00e4sse sind ganz unterschiedlich, sei es der Weg, zur Arbeit, zur Kita, Schule oder&hellip; <\/p>\n","protected":false},"author":1,"featured_media":0,"comment_status":"closed","ping_status":"closed","sticky":false,"template":"","format":"standard","meta":{"footnotes":""},"categories":[4120,216,3070],"tags":[2593,4515,3721,4514,1043,55,1137,2592],"quellen":[1317],"class_list":["post-12484","post","type-post","status-publish","format-standard","hentry","category-die-woche-im-landtag","category-land","category-mobilitaet","tag-busse-und-bahnen","tag-carsharing","tag-fusswege","tag-gehwege","tag-nahverkehr","tag-oepnv","tag-radwege","tag-verkehrswende","quellen-mdl-sonja-bongers"],"_links":{"self":[{"href":"https:\/\/meier-gerdingh.de\/wp-spd-ob\/wp-json\/wp\/v2\/posts\/12484","targetHints":{"allow":["GET"]}}],"collection":[{"href":"https:\/\/meier-gerdingh.de\/wp-spd-ob\/wp-json\/wp\/v2\/posts"}],"about":[{"href":"https:\/\/meier-gerdingh.de\/wp-spd-ob\/wp-json\/wp\/v2\/types\/post"}],"author":[{"embeddable":true,"href":"https:\/\/meier-gerdingh.de\/wp-spd-ob\/wp-json\/wp\/v2\/users\/1"}],"replies":[{"embeddable":true,"href":"https:\/\/meier-gerdingh.de\/wp-spd-ob\/wp-json\/wp\/v2\/comments?post=12484"}],"version-history":[{"count":0,"href":"https:\/\/meier-gerdingh.de\/wp-spd-ob\/wp-json\/wp\/v2\/posts\/12484\/revisions"}],"wp:attachment":[{"href":"https:\/\/meier-gerdingh.de\/wp-spd-ob\/wp-json\/wp\/v2\/media?parent=12484"}],"wp:term":[{"taxonomy":"category","embeddable":true,"href":"https:\/\/meier-gerdingh.de\/wp-spd-ob\/wp-json\/wp\/v2\/categories?post=12484"},{"taxonomy":"post_tag","embeddable":true,"href":"https:\/\/meier-gerdingh.de\/wp-spd-ob\/wp-json\/wp\/v2\/tags?post=12484"},{"taxonomy":"quellen","embeddable":true,"href":"https:\/\/meier-gerdingh.de\/wp-spd-ob\/wp-json\/wp\/v2\/quellen?post=12484"}],"curies":[{"name":"wp","href":"https:\/\/api.w.org\/{rel}","templated":true}]}}