{"id":12485,"date":"2025-05-22T14:13:21","date_gmt":"2025-05-22T12:13:21","guid":{"rendered":"https:\/\/meier-gerdingh.de\/wp-spd-ob\/?p=12485"},"modified":"2025-06-03T09:50:26","modified_gmt":"2025-06-03T07:50:26","slug":"ob-kandidat-berg-wirbt-fuer-neugestaltung-umstrittener-kreuzungen","status":"publish","type":"post","link":"https:\/\/meier-gerdingh.de\/wp-spd-ob\/2025\/05\/22\/ob-kandidat-berg-wirbt-fuer-neugestaltung-umstrittener-kreuzungen\/","title":{"rendered":"OB-Kandidat Berg wirbt f\u00fcr Neugestaltung umstrittener Kreuzungen"},"content":{"rendered":"<p><a href=\"https:\/\/meier-gerdingh.de\/wp-spd-ob\/wp-content\/uploads\/2025\/06\/banner-thorstenberg-oberhausen.de-final-700.jpg\"><img decoding=\"async\" class=\"aligncenter size-full wp-image-12506\" src=\"https:\/\/meier-gerdingh.de\/wp-spd-ob\/wp-content\/uploads\/2025\/06\/banner-thorstenberg-oberhausen.de-final-700.jpg\" alt=\"\" width=\"700\" height=\"231\" srcset=\"https:\/\/meier-gerdingh.de\/wp-spd-ob\/wp-content\/uploads\/2025\/06\/banner-thorstenberg-oberhausen.de-final-700.jpg 700w, https:\/\/meier-gerdingh.de\/wp-spd-ob\/wp-content\/uploads\/2025\/06\/banner-thorstenberg-oberhausen.de-final-700-300x99.jpg 300w\" sizes=\"(max-width: 700px) 100vw, 700px\" \/><\/a><\/p>\n<p>Kurz vor der entscheidenden Ratssitzung, in der \u00fcber das weitere Vorgehen an den umstrittenen Kreuzungen entlang der Bebel- und Concordiastra\u00dfe entschieden wird, hat SPD-Spitzenkandidat Thorsten Berg an den Rat appelliert, die offenkundige Fehlplanung zu korrigieren: &#8222;Mit der Zustimmung zum <a href=\"https:\/\/meier-gerdingh.de\/wp-spd-ob\/fraktion\/antraege\/verkehrliche-neugestaltung-der-kreuzungen-im-bereich-der-bebelstrasse-concordiastrasse\/\">Antrag von SPD und FDP<\/a>, der kurzfristige Nachbesserungen und sp\u00e4ter die Neugestaltung der Kreuzungsbereiche vorsieht, w\u00fcrde die Politik im Sinne der Menschen handeln: Wenn man eine Fehlentscheidung getroffen hat, muss man diese auch korrigieren. Es sollte niemand Beharrlichkeit mit Sturheit verwechseln&#8220;, so der OB-Kandidat.<\/p>\n<p>Dass die derzeitige Gestaltung der Kreuzungen ein Fehler war, steht au\u00dfer Frage. &#8222;Das h\u00f6ren Politikerinnen und Politiker in Gespr\u00e4chen vor Ort, der Oberb\u00fcrgermeister zum Beispiel Ende M\u00e4rz beim B\u00fcrgerdialog in Lirich&#8220;, so Berg. &#8222;Es reicht dann einfach nicht, dass der OB erkl\u00e4rt, die Kreuzungen seien angeblich nach neuesten Erkenntnissen gestaltet worden. Die Menschen wollen keine Belehrungen, die wollen eine Verbesserung der Situation&#8220;, sagt der OB-Kandidat.<!--more--><\/p>\n<div id=\"attachment_12313\" style=\"width: 250px\" class=\"wp-caption alignleft\"><a href=\"https:\/\/meier-gerdingh.de\/wp-spd-ob\/wp-content\/uploads\/2025\/02\/thorsten-berg-25-02-lg.jpg\"><img aria-describedby=\"caption-attachment-12313\" decoding=\"async\" class=\"size-full wp-image-12313\" src=\"https:\/\/meier-gerdingh.de\/wp-spd-ob\/wp-content\/uploads\/2025\/02\/thorsten-berg-25-02.jpg\" alt=\"\" width=\"240\" height=\"360\" srcset=\"https:\/\/meier-gerdingh.de\/wp-spd-ob\/wp-content\/uploads\/2025\/02\/thorsten-berg-25-02.jpg 240w, https:\/\/meier-gerdingh.de\/wp-spd-ob\/wp-content\/uploads\/2025\/02\/thorsten-berg-25-02-200x300.jpg 200w\" sizes=\"(max-width: 240px) 100vw, 240px\" \/><\/a><p id=\"caption-attachment-12313\" class=\"wp-caption-text\">Thorsten Berg ist der Oberb\u00fcrgermeister-Kandidat der Oberhausener SPD<\/p><\/div>\n<p>F\u00fcr den Umbau spreche auch die Faktenlage. &#8222;Bei den 14 gef\u00e4hrlichsten Kreuzungen im Stadtgebiet sind laut Polizeistatistik die Bebel- und die Concordiastra\u00dfe jeweils drei Mal dabei&#8220;, z\u00e4hlt Berg auf.<\/p>\n<p>Wenig Verst\u00e4ndnis zeigt Thorsten Berg f\u00fcr die Hinweise von Verkehrsexperten, die damals Teile der Politik im Glauben best\u00e4rkten, mit der Neugestaltung etwas Positives zu bewirken:<\/p>\n<p>&#8222;Monate vor der Entscheidung gab es einen interfraktionellen Ortstermin, bei dem die Teilnehmer der SPD ihre Bedenken klar ge\u00e4u\u00dfert haben&#8220;, so Berg. &#8222;Die protokollierte Antwort eines externen Verkehrsplaners darauf lautete: &#8218;Es wird nicht bef\u00fcrchtet, dass es zu Staus kommen wird.'&#8220; Dies h\u00e4tte eine Simulation der Verkehrsabl\u00e4ufe nachgewiesen. &#8222;Leider lag der Experte mit dieser Einsch\u00e4tzung offenkundig daneben, und leider haben seine Ausf\u00fchrungen gro\u00dfe Teile der Politik offenbar \u00fcberzeugt&#8220;, so Berg.<\/p>\n<p>In der entscheidenden Sitzung des Planungsausschusses im Sommer 2019 stimmte die SPD der Neugestaltung der Kreuzungsbereiche nicht zu.<\/p>\n","protected":false},"excerpt":{"rendered":"<p>Kurz vor der entscheidenden Ratssitzung, in der \u00fcber das weitere Vorgehen an den umstrittenen Kreuzungen entlang der Bebel- und Concordiastra\u00dfe entschieden wird, hat SPD-Spitzenkandidat Thorsten Berg an den Rat appelliert,&hellip; <\/p>\n","protected":false},"author":1,"featured_media":0,"comment_status":"closed","ping_status":"closed","sticky":false,"template":"","format":"standard","meta":{"footnotes":""},"categories":[3070,7],"tags":[3615,4240,4176,4485,183,251,299,3045,389,4224,2453,2323,1814,4449],"quellen":[327],"class_list":["post-12485","post","type-post","status-publish","format-standard","hentry","category-mobilitaet","category-sicherheit","tag-bebelstrasse","tag-concordiastrasse","tag-fahrradverkehr","tag-kreuzungen","tag-lirich","tag-ob-kandidat","tag-oberbuergermeister-kandidat","tag-personalmangel","tag-planungsausschuss","tag-spd-ob-kandidat","tag-spd-oberbuergermeisterkandidat","tag-thorsten-berg","tag-verkehrsfuehrung","tag-verkehrssicherheit","quellen-spd-unterbezirk-oberhausen"],"_links":{"self":[{"href":"https:\/\/meier-gerdingh.de\/wp-spd-ob\/wp-json\/wp\/v2\/posts\/12485","targetHints":{"allow":["GET"]}}],"collection":[{"href":"https:\/\/meier-gerdingh.de\/wp-spd-ob\/wp-json\/wp\/v2\/posts"}],"about":[{"href":"https:\/\/meier-gerdingh.de\/wp-spd-ob\/wp-json\/wp\/v2\/types\/post"}],"author":[{"embeddable":true,"href":"https:\/\/meier-gerdingh.de\/wp-spd-ob\/wp-json\/wp\/v2\/users\/1"}],"replies":[{"embeddable":true,"href":"https:\/\/meier-gerdingh.de\/wp-spd-ob\/wp-json\/wp\/v2\/comments?post=12485"}],"version-history":[{"count":0,"href":"https:\/\/meier-gerdingh.de\/wp-spd-ob\/wp-json\/wp\/v2\/posts\/12485\/revisions"}],"wp:attachment":[{"href":"https:\/\/meier-gerdingh.de\/wp-spd-ob\/wp-json\/wp\/v2\/media?parent=12485"}],"wp:term":[{"taxonomy":"category","embeddable":true,"href":"https:\/\/meier-gerdingh.de\/wp-spd-ob\/wp-json\/wp\/v2\/categories?post=12485"},{"taxonomy":"post_tag","embeddable":true,"href":"https:\/\/meier-gerdingh.de\/wp-spd-ob\/wp-json\/wp\/v2\/tags?post=12485"},{"taxonomy":"quellen","embeddable":true,"href":"https:\/\/meier-gerdingh.de\/wp-spd-ob\/wp-json\/wp\/v2\/quellen?post=12485"}],"curies":[{"name":"wp","href":"https:\/\/api.w.org\/{rel}","templated":true}]}}