{"id":12507,"date":"2025-06-03T20:31:02","date_gmt":"2025-06-03T18:31:02","guid":{"rendered":"https:\/\/meier-gerdingh.de\/wp-spd-ob\/?p=12507"},"modified":"2025-06-03T20:33:17","modified_gmt":"2025-06-03T18:33:17","slug":"jetzt-fuer-den-jugendlandtag-bewerben","status":"publish","type":"post","link":"https:\/\/meier-gerdingh.de\/wp-spd-ob\/2025\/06\/03\/jetzt-fuer-den-jugendlandtag-bewerben\/","title":{"rendered":"Jetzt f\u00fcr den Jugendlandtag bewerben!"},"content":{"rendered":"<p><a href=\"https:\/\/meier-gerdingh.de\/wp-spd-ob\/wp-content\/uploads\/2019\/12\/lt-nrw-2019.jpg\"><img decoding=\"async\" class=\"aligncenter size-full wp-image-6871\" src=\"https:\/\/meier-gerdingh.de\/wp-spd-ob\/wp-content\/uploads\/2019\/12\/lt-nrw-2019.jpg\" alt=\"\" width=\"800\" height=\"300\" srcset=\"https:\/\/meier-gerdingh.de\/wp-spd-ob\/wp-content\/uploads\/2019\/12\/lt-nrw-2019.jpg 800w, https:\/\/meier-gerdingh.de\/wp-spd-ob\/wp-content\/uploads\/2019\/12\/lt-nrw-2019-300x113.jpg 300w, https:\/\/meier-gerdingh.de\/wp-spd-ob\/wp-content\/uploads\/2019\/12\/lt-nrw-2019-768x288.jpg 768w\" sizes=\"(max-width: 800px) 100vw, 800px\" \/><\/a>Die SPD-Abgeordneten Sonja Bongers, Frederick Cordes und Stefan Zimkeit laden drei Jugendliche dazu ein, vom 13. bis 15. November 2025 ihre Pl\u00e4tze im Parlament einzunehmen. An diesem Wochenende soll in D\u00fcsseldorf der dreit\u00e4gige Jugendlandtag stattfinden.<\/p>\n<p>Diskutiert werden in unterschiedlichen Sitzungen aktuelle Themen, um die parlamentarischen Abl\u00e4ufe realit\u00e4tsnah zu simulieren. &#8222;Das ist eine tolle M\u00f6glichkeit, Demokratie hautnah zu erleben&#8220;, sagt Sonja Bongers. Und Frederick Cordes meint: &#8222;Unsere Demokratie lebt von jungen Menschen, die engagiert f\u00fcr ihre Positionen einstehen und Lust haben, sich f\u00fcr die Zukunft in NRW einzusetzen.&#8220;<!--more--><\/p>\n<p>195 junge Menschen werden in die Rolle eines Parlamentsmitglieds schl\u00fcpfen und Aussch\u00fcsse, Fraktionssitzung sowie Plenarberatung aktiv gestalten und den parlamentarischen Arbeitsalltag kennenlernen. &#8222;In den letzten Jahren wurde zum Beispiel \u00fcber die Themen &#8222;Finanzbildung in der Schule&#8220; oder &#8222;Mentale Gesundheit, debattiert&#8220;, erinnert sich Stefan Zimkeit.<\/p>\n<p>Die Beschl\u00fcsse der &#8222;Jugend-Landtagsabgeordneten&#8220; werden anschlie\u00dfend den Abgeordneten des &#8222;wirklichen&#8220; Landtags vorgelegt.<\/p>\n<p>&#8222;Der Jugendlandtag hat mir gezeigt, dass meine Stimme z\u00e4hlt \u2013 und dass Politik spannend sein kann!&#8220; sagt eine Teilnehmerin aus dem Vorjahr.<\/p>\n<p>Ab sofort k\u00f6nnen sich <strong>junge Menschen aus Oberhausen, im Alter zwischen 16 und 20 Jahren,<\/strong> bewerben, indem sie sich bis Sonntag, 06. Juli 2025, unter <a href=\"mailto:sonja.bongers@landtag.nrw.de\">sonja.bongers@landtag.nrw.de<\/a> melden.<\/p>\n<p><strong>Bewerbungen m\u00fcssen Telefonnummer, Adresse, Geburtsdatum, Geschlechtsidentit\u00e4t, eine Angabe, ob man zur Schule geht, studiert, in Ausbildung oder berufst\u00e4tig ist, sowie einen kurzen Satz enthalten, warum man beim Jugendlandtag mitmachen m\u00f6chte.<\/strong><\/p>\n<p>S\u00e4mtliche Kosten inklusive \u00dcbernachtung werden vom Landtag \u00fcbernommen.<\/p>\n","protected":false},"excerpt":{"rendered":"<p>Die SPD-Abgeordneten Sonja Bongers, Frederick Cordes und Stefan Zimkeit laden drei Jugendliche dazu ein, vom 13. bis 15. November 2025 ihre Pl\u00e4tze im Parlament einzunehmen. An diesem Wochenende soll in&hellip; <\/p>\n","protected":false},"author":1,"featured_media":0,"comment_status":"closed","ping_status":"closed","sticky":false,"template":"","format":"standard","meta":{"footnotes":""},"categories":[179,216],"tags":[796,4516,219],"quellen":[2806,1317,331],"class_list":["post-12507","post","type-post","status-publish","format-standard","hentry","category-kinder-und-jugendliche","category-land","tag-jugendlandtag","tag-jugendlandtag-2025","tag-landtag-nrw","quellen-mdl-frederick-cordes","quellen-mdl-sonja-bongers","quellen-mdl-stefan-zimkeit"],"_links":{"self":[{"href":"https:\/\/meier-gerdingh.de\/wp-spd-ob\/wp-json\/wp\/v2\/posts\/12507","targetHints":{"allow":["GET"]}}],"collection":[{"href":"https:\/\/meier-gerdingh.de\/wp-spd-ob\/wp-json\/wp\/v2\/posts"}],"about":[{"href":"https:\/\/meier-gerdingh.de\/wp-spd-ob\/wp-json\/wp\/v2\/types\/post"}],"author":[{"embeddable":true,"href":"https:\/\/meier-gerdingh.de\/wp-spd-ob\/wp-json\/wp\/v2\/users\/1"}],"replies":[{"embeddable":true,"href":"https:\/\/meier-gerdingh.de\/wp-spd-ob\/wp-json\/wp\/v2\/comments?post=12507"}],"version-history":[{"count":0,"href":"https:\/\/meier-gerdingh.de\/wp-spd-ob\/wp-json\/wp\/v2\/posts\/12507\/revisions"}],"wp:attachment":[{"href":"https:\/\/meier-gerdingh.de\/wp-spd-ob\/wp-json\/wp\/v2\/media?parent=12507"}],"wp:term":[{"taxonomy":"category","embeddable":true,"href":"https:\/\/meier-gerdingh.de\/wp-spd-ob\/wp-json\/wp\/v2\/categories?post=12507"},{"taxonomy":"post_tag","embeddable":true,"href":"https:\/\/meier-gerdingh.de\/wp-spd-ob\/wp-json\/wp\/v2\/tags?post=12507"},{"taxonomy":"quellen","embeddable":true,"href":"https:\/\/meier-gerdingh.de\/wp-spd-ob\/wp-json\/wp\/v2\/quellen?post=12507"}],"curies":[{"name":"wp","href":"https:\/\/api.w.org\/{rel}","templated":true}]}}