{"id":12511,"date":"2025-06-04T10:49:10","date_gmt":"2025-06-04T08:49:10","guid":{"rendered":"https:\/\/meier-gerdingh.de\/wp-spd-ob\/?p=12511"},"modified":"2025-06-04T18:51:43","modified_gmt":"2025-06-04T16:51:43","slug":"mitbestimmungsrechte-wahren","status":"publish","type":"post","link":"https:\/\/meier-gerdingh.de\/wp-spd-ob\/2025\/06\/04\/mitbestimmungsrechte-wahren\/","title":{"rendered":"Mitbestimmungsrechte wahren"},"content":{"rendered":"<p><a href=\"https:\/\/meier-gerdingh.de\/wp-spd-ob\/wp-content\/uploads\/2023\/03\/banner-diese-woche-im-landtag-01.jpg\"><img decoding=\"async\" class=\"aligncenter size-full wp-image-10267\" src=\"https:\/\/meier-gerdingh.de\/wp-spd-ob\/wp-content\/uploads\/2023\/03\/banner-diese-woche-im-landtag-01.jpg\" alt=\"\" width=\"700\" height=\"258\" srcset=\"https:\/\/meier-gerdingh.de\/wp-spd-ob\/wp-content\/uploads\/2023\/03\/banner-diese-woche-im-landtag-01.jpg 700w, https:\/\/meier-gerdingh.de\/wp-spd-ob\/wp-content\/uploads\/2023\/03\/banner-diese-woche-im-landtag-01-300x111.jpg 300w\" sizes=\"(max-width: 700px) 100vw, 700px\" \/><\/a>Alarm bei Thyssenkrupp. Sie Stahlsparte steht vor enormen Umw\u00e4lzungen zu Lasten der Besch\u00e4ftigten. Wie die Medien berichten, strebt der Vorstand von Thyssenkrupp einen Sozialplan an. 11.000 Besch\u00e4ftigte sind davon betroffen. 5.000 Arbeitspl\u00e4tze sollen laut Berichterstattung wegfallen, weitere 6.000 sollen outgesourct werden. Die IG Metall kritisiert die Pl\u00e4ne und k\u00fcndigt Widerstand an.<\/p>\n<p>&#8222;Die Lage ist dramatisch, die Mitbestimmungsrechte m\u00fcssen bei Thyssenkrupp eingehalten werden. Starke Mitbestimmung ist in dieser Krisensituation von immenser Bedeutung \u2013 f\u00fcr die Zukunft der Besch\u00e4ftigten und des Unternehmens. Die Arbeitnehmervertreter m\u00fcssen jetzt mit an den Tisch. Es darf nicht mehr sein, dass sie aus der Presse \u00fcber Umstrukturierungen und Arbeitsplatzabbau erfahren oder vor vollendete Tatsachen gestellt werden&#8220;, teilt die SPD-Landtagsabgeordnete Sonja Bongers schriftlich mit.<!--more--><\/p>\n<h3 class=\"\">Mehr Mitbestimmung<\/h3>\n<p>Die Pl\u00e4ne des Vorstandsvorsitzende Miguel L\u00f3pez sehen vor, dass es zu einer Ausgliederung der Stahlsparte sowie der Aufsplittung von Thyssenkrupp kommt. Transparenz, eine Verhandlung auf Augenh\u00f6he und Wertsch\u00e4tzung den Besch\u00e4ftigten gegen\u00fcber m\u00fcssen in den Mitbestimmungsgremien von ThyssenKrupp wieder zum Standard werden. Dazu geh\u00f6rt auch, dass Klarheit geschaffen wird welche weiteren Pl\u00e4ne im Raum stehen und wie sich dies auf Arbeitspl\u00e4tze und Standorte auswirkt.<\/p>\n<p>&#8222;Wenn 11.000 Arbeitspl\u00e4tze auf dem Spiel stehen, darf es nicht erneut zur Missachtung von Mitbestimmungsrechten kommen. In der j\u00fcngsten Vergangenheit wurden in Nordrhein-Westfalen Mitbestimmungsrechte zu oft umgangen, ausgehebelt oder versucht sie zu beschneiden. Die Landesregierung muss deutlich machen, dass die Missachtung von Mitbestimmungsrechten Konsequenzen hat. F\u00fcr 11.000 Besch\u00e4ftigte von Thyssenkrupp Steel und ihre Familien steht die berufliche Zukunft auf dem Spiel&#8220;, so Bongers abschlie\u00dfend.<\/p>\n","protected":false},"excerpt":{"rendered":"<p>Alarm bei Thyssenkrupp. Sie Stahlsparte steht vor enormen Umw\u00e4lzungen zu Lasten der Besch\u00e4ftigten. Wie die Medien berichten, strebt der Vorstand von Thyssenkrupp einen Sozialplan an. 11.000 Besch\u00e4ftigte sind davon betroffen.&hellip; <\/p>\n","protected":false},"author":1,"featured_media":0,"comment_status":"closed","ping_status":"closed","sticky":false,"template":"","format":"standard","meta":{"footnotes":""},"categories":[174,4120,216],"tags":[1075,34,915,4059,4523,2610],"quellen":[1317],"class_list":["post-12511","post","type-post","status-publish","format-standard","hentry","category-arbeit-und-soziales","category-die-woche-im-landtag","category-land","tag-arbeitsplatzabbau","tag-arbeitsplaetze","tag-mitbestimmung","tag-stahlindustrie","tag-thyssenkrupp","tag-thyssenkrupp-steel","quellen-mdl-sonja-bongers"],"_links":{"self":[{"href":"https:\/\/meier-gerdingh.de\/wp-spd-ob\/wp-json\/wp\/v2\/posts\/12511","targetHints":{"allow":["GET"]}}],"collection":[{"href":"https:\/\/meier-gerdingh.de\/wp-spd-ob\/wp-json\/wp\/v2\/posts"}],"about":[{"href":"https:\/\/meier-gerdingh.de\/wp-spd-ob\/wp-json\/wp\/v2\/types\/post"}],"author":[{"embeddable":true,"href":"https:\/\/meier-gerdingh.de\/wp-spd-ob\/wp-json\/wp\/v2\/users\/1"}],"replies":[{"embeddable":true,"href":"https:\/\/meier-gerdingh.de\/wp-spd-ob\/wp-json\/wp\/v2\/comments?post=12511"}],"version-history":[{"count":0,"href":"https:\/\/meier-gerdingh.de\/wp-spd-ob\/wp-json\/wp\/v2\/posts\/12511\/revisions"}],"wp:attachment":[{"href":"https:\/\/meier-gerdingh.de\/wp-spd-ob\/wp-json\/wp\/v2\/media?parent=12511"}],"wp:term":[{"taxonomy":"category","embeddable":true,"href":"https:\/\/meier-gerdingh.de\/wp-spd-ob\/wp-json\/wp\/v2\/categories?post=12511"},{"taxonomy":"post_tag","embeddable":true,"href":"https:\/\/meier-gerdingh.de\/wp-spd-ob\/wp-json\/wp\/v2\/tags?post=12511"},{"taxonomy":"quellen","embeddable":true,"href":"https:\/\/meier-gerdingh.de\/wp-spd-ob\/wp-json\/wp\/v2\/quellen?post=12511"}],"curies":[{"name":"wp","href":"https:\/\/api.w.org\/{rel}","templated":true}]}}