{"id":12512,"date":"2025-06-04T09:51:56","date_gmt":"2025-06-04T07:51:56","guid":{"rendered":"https:\/\/meier-gerdingh.de\/wp-spd-ob\/?p=12512"},"modified":"2025-06-04T18:53:59","modified_gmt":"2025-06-04T16:53:59","slug":"investitionsstau-in-nrw-angehen","status":"publish","type":"post","link":"https:\/\/meier-gerdingh.de\/wp-spd-ob\/2025\/06\/04\/investitionsstau-in-nrw-angehen\/","title":{"rendered":"Investitionsstau in NRW angehen"},"content":{"rendered":"<p><a href=\"https:\/\/meier-gerdingh.de\/wp-spd-ob\/wp-content\/uploads\/2023\/03\/banner-diese-woche-im-landtag-01.jpg\"><img decoding=\"async\" class=\"aligncenter size-full wp-image-10267\" src=\"https:\/\/meier-gerdingh.de\/wp-spd-ob\/wp-content\/uploads\/2023\/03\/banner-diese-woche-im-landtag-01.jpg\" alt=\"\" width=\"700\" height=\"258\" srcset=\"https:\/\/meier-gerdingh.de\/wp-spd-ob\/wp-content\/uploads\/2023\/03\/banner-diese-woche-im-landtag-01.jpg 700w, https:\/\/meier-gerdingh.de\/wp-spd-ob\/wp-content\/uploads\/2023\/03\/banner-diese-woche-im-landtag-01-300x111.jpg 300w\" sizes=\"(max-width: 700px) 100vw, 700px\" \/><\/a>NRW leidet seit Jahren unter einem massiven Investitionsstau. Insbesondere bei Schulen und Kitas, bei Krankenh\u00e4usern, bei der Verkehrsinfrastruktur und beim Klimaschutz, existieren eklatante Defizite. Dies f\u00fchrt zu erheblichen Einschr\u00e4nkungen der Funktionsf\u00e4higkeit des Landes. &#8222;Die Schuldenbremse hat den Investitionsstau in NRW dramatisch beschleunigt und versch\u00e4rft. Insbesondere unsere St\u00e4dte, Gemeinden und Kreise als gr\u00f6\u00dfter \u00f6ffentlicher Auftraggeber unter den staatlichen Ebenen m\u00fcssen in die Lage versetzt werden, notwendige Unterhaltungsma\u00dfnahmen und Investitionsvorhaben in die bestehende Infrastruktur sowie zukunftsgerichtete Investitionen f\u00fcr den notwendigen Umbau im Rahmen der Energie- und Klimawende leisten zu k\u00f6nnen&#8220;, teilt die SPD-Landtagsabgeordnete Sonja Bongers schriftlich mit.<!--more--><\/p>\n<h3 class=\"\">Schnelle und unkomplizierte Verfahren<\/h3>\n<p>Die Mittel aus dem Sonderverm\u00f6gen des Bundes d\u00fcrften nicht zur Gegenfinanzierung bestehender finanzieller Verpflichtungen des Landes gegen\u00fcber den Kommunen oder zum Stopfen eigener Haushaltsl\u00f6cher verwendet werden, so Bongers. Der NRW-Anteil am 500-Milliarden-Investitionspaket m\u00fcsse zu einem substanziellen Teil schnell und unkompliziert an die Kommunen weitergeleitet werden. Dabei soll, so die SPD-Rechtsexpertin auf ein aufw\u00e4ndiges Antrags- und Verwendungsnachweisverfahren verzichtet werden.<\/p>\n<h3 class=\"\">Schule, Verkehr, Medizinische Versorgung<\/h3>\n<p>Schwerpunktm\u00e4\u00dfig sollen dabei verschiedene Bereiche abgedeckt werden. &#8222;es macht Sinn ein Nachfolgeprogramm &#8222;Gute Schule 2030&#8220; zur Modernisierung der Schulinfrastruktur aufzulegen. Zudem werden unter anderem Programme f\u00fcr Krankenhausinvestitionen, Sportst\u00e4tten und Investitionsfonds im Bereich Verkehr und Mobilit\u00e4t angeraten.<\/p>\n","protected":false},"excerpt":{"rendered":"<p>NRW leidet seit Jahren unter einem massiven Investitionsstau. Insbesondere bei Schulen und Kitas, bei Krankenh\u00e4usern, bei der Verkehrsinfrastruktur und beim Klimaschutz, existieren eklatante Defizite. Dies f\u00fchrt zu erheblichen Einschr\u00e4nkungen der&hellip; <\/p>\n","protected":false},"author":1,"featured_media":0,"comment_status":"closed","ping_status":"closed","sticky":false,"template":"","format":"standard","meta":{"footnotes":""},"categories":[4120,216,311],"tags":[4524,3348,3349,269,268,60,4402],"quellen":[1317],"class_list":["post-12512","post","type-post","status-publish","format-standard","hentry","category-die-woche-im-landtag","category-land","category-wirtschaft","tag-gute-schule-2023","tag-infrastruktur","tag-infrastrukturinvestitionen","tag-investitionen","tag-investitionsstau","tag-schuldenbremse","tag-sondervermoegen-infrastruktur","quellen-mdl-sonja-bongers"],"_links":{"self":[{"href":"https:\/\/meier-gerdingh.de\/wp-spd-ob\/wp-json\/wp\/v2\/posts\/12512","targetHints":{"allow":["GET"]}}],"collection":[{"href":"https:\/\/meier-gerdingh.de\/wp-spd-ob\/wp-json\/wp\/v2\/posts"}],"about":[{"href":"https:\/\/meier-gerdingh.de\/wp-spd-ob\/wp-json\/wp\/v2\/types\/post"}],"author":[{"embeddable":true,"href":"https:\/\/meier-gerdingh.de\/wp-spd-ob\/wp-json\/wp\/v2\/users\/1"}],"replies":[{"embeddable":true,"href":"https:\/\/meier-gerdingh.de\/wp-spd-ob\/wp-json\/wp\/v2\/comments?post=12512"}],"version-history":[{"count":0,"href":"https:\/\/meier-gerdingh.de\/wp-spd-ob\/wp-json\/wp\/v2\/posts\/12512\/revisions"}],"wp:attachment":[{"href":"https:\/\/meier-gerdingh.de\/wp-spd-ob\/wp-json\/wp\/v2\/media?parent=12512"}],"wp:term":[{"taxonomy":"category","embeddable":true,"href":"https:\/\/meier-gerdingh.de\/wp-spd-ob\/wp-json\/wp\/v2\/categories?post=12512"},{"taxonomy":"post_tag","embeddable":true,"href":"https:\/\/meier-gerdingh.de\/wp-spd-ob\/wp-json\/wp\/v2\/tags?post=12512"},{"taxonomy":"quellen","embeddable":true,"href":"https:\/\/meier-gerdingh.de\/wp-spd-ob\/wp-json\/wp\/v2\/quellen?post=12512"}],"curies":[{"name":"wp","href":"https:\/\/api.w.org\/{rel}","templated":true}]}}