{"id":12533,"date":"2025-06-13T14:40:03","date_gmt":"2025-06-13T12:40:03","guid":{"rendered":"https:\/\/meier-gerdingh.de\/wp-spd-ob\/?p=12533"},"modified":"2025-07-09T16:45:35","modified_gmt":"2025-07-09T14:45:35","slug":"spd-tauscht-wieder-muell-gegen-ruhrkiesel-2","status":"publish","type":"post","link":"https:\/\/meier-gerdingh.de\/wp-spd-ob\/2025\/06\/13\/spd-tauscht-wieder-muell-gegen-ruhrkiesel-2\/","title":{"rendered":"SPD tauscht wieder M\u00fcll gegen Ruhrkiesel"},"content":{"rendered":"<p><a href=\"https:\/\/meier-gerdingh.de\/wp-spd-ob\/wp-content\/uploads\/2025\/06\/banner-ov-west-ruhrkiesel-statt-muell-25-06.jpg\"><img decoding=\"async\" src=\"https:\/\/meier-gerdingh.de\/wp-spd-ob\/wp-content\/uploads\/2025\/06\/banner-ov-west-ruhrkiesel-statt-muell-25-06.jpg\" alt=\"\" width=\"700\" height=\"875\" class=\"aligncenter size-full wp-image-12530\" srcset=\"https:\/\/meier-gerdingh.de\/wp-spd-ob\/wp-content\/uploads\/2025\/06\/banner-ov-west-ruhrkiesel-statt-muell-25-06.jpg 700w, https:\/\/meier-gerdingh.de\/wp-spd-ob\/wp-content\/uploads\/2025\/06\/banner-ov-west-ruhrkiesel-statt-muell-25-06-240x300.jpg 240w\" sizes=\"(max-width: 700px) 100vw, 700px\" \/><\/a>Der SPD-Ortsverein Oberhausen-West, zust\u00e4ndig f\u00fcr die Oberhausener Stadtteile Alstaden und Lirich, l\u00e4dt im Juni gleich zwei Mal zu seiner beliebten Aktion <strong>#RuhrkieselStattM\u00fcll<\/strong> ein. <\/p>\n<p>Am Freitag, 20.06.2025, treffen sich die Sozialdemokraten um 16 Uhr auf dem Ruhrdeich am Panorama-Rastplatz und tauschen Unrat gegen kreativ gestaltete &#8222;Ruhrkiesel&#8220;.<\/p>\n<div class='ajde_evcal_calendar eventon_single_event eventon_event evo_sin_box sev cev color esty_2' ><div class='evo-data'   data-ux_val='1' data-exturl='' data-mapscroll='true' data-mapformat='roadmap' data-mapzoom='16' ><\/div><div class='evo_cal_data' data-sc='{\"excerpt\":\"no\",\"expanded\":\"no\",\"ux_val\":1,\"exturl\":\"\",\"mapscroll\":\"true\",\"mapformat\":\"roadmap\",\"mapzoom\":\"16\",\"maps_load\":\"yes\"}'><\/div><div id='evcal_list' class='eventon_events_list '>Missing Event Data<\/div><\/div>\n<p>Eine Woche sp\u00e4ter, am 27.06.2025 findet die Aktion zur gleichen Uhrzeit rund um die Pauluskirche an der Duisburger Stra\u00dfe statt.<\/p>\n<div class='ajde_evcal_calendar eventon_single_event eventon_event evo_sin_box sev cev color esty_2' ><div class='evo-data'   data-ux_val='1' data-exturl='' data-mapscroll='true' data-mapformat='roadmap' data-mapzoom='16' ><\/div><div class='evo_cal_data' data-sc='{\"excerpt\":\"no\",\"expanded\":\"no\",\"ux_val\":1,\"exturl\":\"\",\"mapscroll\":\"true\",\"mapformat\":\"roadmap\",\"mapzoom\":\"16\",\"maps_load\":\"yes\"}'><\/div><div id='evcal_list' class='eventon_events_list '>Missing Event Data<\/div><\/div>\n<p>Alle B\u00fcrgerinnen und B\u00fcrger sind herzlich eingeladen, mitzumachen und beim M\u00fcllsammeln unter anderem mit der Alstadener Stadtverordneten <strong>Dagmar Heitmann<\/strong> und dem Liricher Stadtverordneten <strong>B\u00fclent \u015eahin<\/strong> ins Gespr\u00e4ch zu kommen.<!--more--><\/p>\n","protected":false},"excerpt":{"rendered":"<p>Der SPD-Ortsverein Oberhausen-West, zust\u00e4ndig f\u00fcr die Oberhausener Stadtteile Alstaden und Lirich, l\u00e4dt im Juni gleich zwei Mal zu seiner beliebten Aktion #RuhrkieselStattM\u00fcll ein. Am Freitag, 20.06.2025, treffen sich die Sozialdemokraten&hellip; <\/p>\n","protected":false},"author":1,"featured_media":0,"comment_status":"closed","ping_status":"closed","sticky":false,"template":"","format":"standard","meta":{"footnotes":""},"categories":[173,29,171],"tags":[4194,134,183,4195,1853,114],"quellen":[335],"class_list":["post-12533","post","type-post","status-publish","format-standard","hentry","category-parteileben","category-umwelt","category-veranstaltungen","tag-ruhrkiesel","tag-alstaden","tag-lirich","tag-muellsammelaktion","tag-ruhrpark","tag-sauberkeit","quellen-ov-west"],"_links":{"self":[{"href":"https:\/\/meier-gerdingh.de\/wp-spd-ob\/wp-json\/wp\/v2\/posts\/12533","targetHints":{"allow":["GET"]}}],"collection":[{"href":"https:\/\/meier-gerdingh.de\/wp-spd-ob\/wp-json\/wp\/v2\/posts"}],"about":[{"href":"https:\/\/meier-gerdingh.de\/wp-spd-ob\/wp-json\/wp\/v2\/types\/post"}],"author":[{"embeddable":true,"href":"https:\/\/meier-gerdingh.de\/wp-spd-ob\/wp-json\/wp\/v2\/users\/1"}],"replies":[{"embeddable":true,"href":"https:\/\/meier-gerdingh.de\/wp-spd-ob\/wp-json\/wp\/v2\/comments?post=12533"}],"version-history":[{"count":0,"href":"https:\/\/meier-gerdingh.de\/wp-spd-ob\/wp-json\/wp\/v2\/posts\/12533\/revisions"}],"wp:attachment":[{"href":"https:\/\/meier-gerdingh.de\/wp-spd-ob\/wp-json\/wp\/v2\/media?parent=12533"}],"wp:term":[{"taxonomy":"category","embeddable":true,"href":"https:\/\/meier-gerdingh.de\/wp-spd-ob\/wp-json\/wp\/v2\/categories?post=12533"},{"taxonomy":"post_tag","embeddable":true,"href":"https:\/\/meier-gerdingh.de\/wp-spd-ob\/wp-json\/wp\/v2\/tags?post=12533"},{"taxonomy":"quellen","embeddable":true,"href":"https:\/\/meier-gerdingh.de\/wp-spd-ob\/wp-json\/wp\/v2\/quellen?post=12533"}],"curies":[{"name":"wp","href":"https:\/\/api.w.org\/{rel}","templated":true}]}}