{"id":12544,"date":"2025-06-15T23:28:22","date_gmt":"2025-06-15T21:28:22","guid":{"rendered":"https:\/\/meier-gerdingh.de\/wp-spd-ob\/?p=12544"},"modified":"2025-06-15T23:29:56","modified_gmt":"2025-06-15T21:29:56","slug":"infostand-mit-dem-oberbuergermeisterkandidaten-thorsten-berg","status":"publish","type":"post","link":"https:\/\/meier-gerdingh.de\/wp-spd-ob\/2025\/06\/15\/infostand-mit-dem-oberbuergermeisterkandidaten-thorsten-berg\/","title":{"rendered":"Infostand mit dem Oberb\u00fcrgermeisterkandidaten Thorsten Berg"},"content":{"rendered":"<div id=\"attachment_12542\" style=\"width: 710px\" class=\"wp-caption aligncenter\"><a href=\"https:\/\/meier-gerdingh.de\/wp-spd-ob\/wp-content\/uploads\/2025\/06\/spd-frauen-thorsten-berg-infostand-sterkrade-25-06-14-lg.jpg\"><img aria-describedby=\"caption-attachment-12542\" decoding=\"async\" class=\"size-full wp-image-12542\" src=\"https:\/\/meier-gerdingh.de\/wp-spd-ob\/wp-content\/uploads\/2025\/06\/spd-frauen-thorsten-berg-infostand-sterkrade-25-06-14.jpg\" alt=\"\" width=\"700\" height=\"414\" srcset=\"https:\/\/meier-gerdingh.de\/wp-spd-ob\/wp-content\/uploads\/2025\/06\/spd-frauen-thorsten-berg-infostand-sterkrade-25-06-14.jpg 700w, https:\/\/meier-gerdingh.de\/wp-spd-ob\/wp-content\/uploads\/2025\/06\/spd-frauen-thorsten-berg-infostand-sterkrade-25-06-14-300x177.jpg 300w\" sizes=\"(max-width: 700px) 100vw, 700px\" \/><\/a><p id=\"caption-attachment-12542\" class=\"wp-caption-text\">OB-Kandidat Thorsten Berg mit engagierten SPD-Frauen am Samstag in Sterkrade-Mitte<\/p><\/div>\n<p>Am gestrigen Samstag, den 14.06.2025, fand am Vormittag bei sommerlichen Temperaturen ein Infostand der Frauen in der SPD und des Ortsvereins Sterkrade S\u00fcd in der Sterkrader Innenstadt statt. Die Veranstaltung stand unter dem Motto &#8222;Der rote Faden f\u00fcr Oberhausen&#8220;. Alle interessierten B\u00fcrgerinnen und B\u00fcrger haben sich mit dem SPD- Oberb\u00fcrgermeisterkandidat Thorsten Berg am Infostand bei sch\u00f6nstem Wetter und guter Laune intensiv \u00fcber kommunalpolitische Themen ausgetauscht.<!--more--><\/p>\n<p>Vor allem standen die Themen &#8222;Raumbedarf an Schulen&#8220;, &#8222;Ausbau der Kita- Betreuung&#8220;, &#8222;Sozialer Wohnraum schaffen&#8220;, &#8222;Bek\u00e4mpfung geschlechterspezifischer Gewalt&#8220;, &#8222;F\u00f6rderung des Frauenhauses&#8220; und &#8222;Berufliche Gleichstellung&#8220; im Vordergrund der B\u00fcrgergespr\u00e4che. Bei diesen Themen wurde deutlich, dass es noch viel Entwicklungspotenzial gibt.<\/p>\n<p>Thorsten Berg wird im Falle einer erfolgreichen Wahl zum Oberb\u00fcrgermeister diese Themen versch\u00e4rft in den Focus nehmen und konsequenter, zielstrebiger sowie zeitlich deutlich schneller voranbringen.<\/p>\n","protected":false},"excerpt":{"rendered":"<p>Am gestrigen Samstag, den 14.06.2025, fand am Vormittag bei sommerlichen Temperaturen ein Infostand der Frauen in der SPD und des Ortsvereins Sterkrade S\u00fcd in der Sterkrader Innenstadt statt. Die Veranstaltung&hellip; <\/p>\n","protected":false},"author":1,"featured_media":0,"comment_status":"closed","ping_status":"closed","sticky":false,"template":"","format":"standard","meta":{"footnotes":""},"categories":[95,171,178],"tags":[1671,4223,251,299,4224,2453,46,2323],"quellen":[4161,327],"class_list":["post-12544","post","type-post","status-publish","format-standard","hentry","category-gleichstellung","category-veranstaltungen","category-wahlen","tag-infostand","tag-kommunalwahl-2025","tag-ob-kandidat","tag-oberbuergermeister-kandidat","tag-spd-ob-kandidat","tag-spd-oberbuergermeisterkandidat","tag-sterkrade","tag-thorsten-berg","quellen-spd-frauen-oberhausen","quellen-spd-unterbezirk-oberhausen"],"_links":{"self":[{"href":"https:\/\/meier-gerdingh.de\/wp-spd-ob\/wp-json\/wp\/v2\/posts\/12544","targetHints":{"allow":["GET"]}}],"collection":[{"href":"https:\/\/meier-gerdingh.de\/wp-spd-ob\/wp-json\/wp\/v2\/posts"}],"about":[{"href":"https:\/\/meier-gerdingh.de\/wp-spd-ob\/wp-json\/wp\/v2\/types\/post"}],"author":[{"embeddable":true,"href":"https:\/\/meier-gerdingh.de\/wp-spd-ob\/wp-json\/wp\/v2\/users\/1"}],"replies":[{"embeddable":true,"href":"https:\/\/meier-gerdingh.de\/wp-spd-ob\/wp-json\/wp\/v2\/comments?post=12544"}],"version-history":[{"count":0,"href":"https:\/\/meier-gerdingh.de\/wp-spd-ob\/wp-json\/wp\/v2\/posts\/12544\/revisions"}],"wp:attachment":[{"href":"https:\/\/meier-gerdingh.de\/wp-spd-ob\/wp-json\/wp\/v2\/media?parent=12544"}],"wp:term":[{"taxonomy":"category","embeddable":true,"href":"https:\/\/meier-gerdingh.de\/wp-spd-ob\/wp-json\/wp\/v2\/categories?post=12544"},{"taxonomy":"post_tag","embeddable":true,"href":"https:\/\/meier-gerdingh.de\/wp-spd-ob\/wp-json\/wp\/v2\/tags?post=12544"},{"taxonomy":"quellen","embeddable":true,"href":"https:\/\/meier-gerdingh.de\/wp-spd-ob\/wp-json\/wp\/v2\/quellen?post=12544"}],"curies":[{"name":"wp","href":"https:\/\/api.w.org\/{rel}","templated":true}]}}