{"id":12553,"date":"2025-06-24T20:19:57","date_gmt":"2025-06-24T18:19:57","guid":{"rendered":"https:\/\/meier-gerdingh.de\/wp-spd-ob\/?p=12553"},"modified":"2025-06-24T20:19:57","modified_gmt":"2025-06-24T18:19:57","slug":"spd-informiert-in-sterkrade-ueber-die-schwammstadt","status":"publish","type":"post","link":"https:\/\/meier-gerdingh.de\/wp-spd-ob\/2025\/06\/24\/spd-informiert-in-sterkrade-ueber-die-schwammstadt\/","title":{"rendered":"SPD informiert in Sterkrade \u00fcber die &#8222;Schwammstadt&#8220;"},"content":{"rendered":"<p><a href=\"https:\/\/meier-gerdingh.de\/wp-spd-ob\/wp-content\/uploads\/2025\/06\/banner-thorstenberg-oberhausen.de-final-700.jpg\"><img decoding=\"async\" class=\"aligncenter size-full wp-image-12506\" src=\"https:\/\/meier-gerdingh.de\/wp-spd-ob\/wp-content\/uploads\/2025\/06\/banner-thorstenberg-oberhausen.de-final-700.jpg\" alt=\"\" width=\"700\" height=\"231\" srcset=\"https:\/\/meier-gerdingh.de\/wp-spd-ob\/wp-content\/uploads\/2025\/06\/banner-thorstenberg-oberhausen.de-final-700.jpg 700w, https:\/\/meier-gerdingh.de\/wp-spd-ob\/wp-content\/uploads\/2025\/06\/banner-thorstenberg-oberhausen.de-final-700-300x99.jpg 300w\" sizes=\"(max-width: 700px) 100vw, 700px\" \/><\/a>Der SPD-Ortsverein Sterkrade-S\u00fcd informiert am <strong>Samstag, 12. Juli, von 10 Uhr bis 12.30 Uhr<\/strong>, an einem <strong>Infostand in der Sterkrader Innenstadt<\/strong> \u00fcber das Projekt &#8222;Schwammstadt Sterkrade&#8220;.<\/p>\n<p>Die Schwammstadt ist ein innovatives Stadtentwicklungsmodell, das den Schwerpunkt auf das Niederschlagsmanagement durch die St\u00e4rkung der gr\u00fcnen Infrastruktur legt. Konkrete Ma\u00dfnahmen bis 2028 werden die Baum-Rigolen unter ca. 60 neu gepflanzten B\u00e4umen sein, ein offener Wasserlauf des ehemaligen verrohrten Elpenbachs, Entsieglung von Fl\u00e4chen, Fassaden- und Dachbegr\u00fcnungen.<\/p>\n<p>Durch die Abkoppelung des Regenwassers von der Kanalisation werden weitere Verdunstungsfl\u00e4chen geschaffen, die das Klima in der Sterkrader Innenstadt verbessern.<\/p>\n<p>Begleitet wird der Infostand durch den Oberb\u00fcrgermeister-Kandidaten der SPD, Thorsten Berg.<\/p>\n<div class='ajde_evcal_calendar eventon_single_event eventon_event evo_sin_box sev cev color esty_2' ><div class='evo-data'   data-ux_val='1' data-exturl='' data-mapscroll='true' data-mapformat='roadmap' data-mapzoom='16' ><\/div><div class='evo_cal_data' data-sc='{\"excerpt\":\"no\",\"expanded\":\"no\",\"ux_val\":1,\"exturl\":\"\",\"mapscroll\":\"true\",\"mapformat\":\"roadmap\",\"mapzoom\":\"16\",\"maps_load\":\"yes\"}'><\/div><div id='evcal_list' class='eventon_events_list '>Missing Event Data<\/div><\/div>\n","protected":false},"excerpt":{"rendered":"<p>Der SPD-Ortsverein Sterkrade-S\u00fcd informiert am Samstag, 12. Juli, von 10 Uhr bis 12.30 Uhr, an einem Infostand in der Sterkrader Innenstadt \u00fcber das Projekt &#8222;Schwammstadt Sterkrade&#8220;. Die Schwammstadt ist ein&hellip; <\/p>\n","protected":false},"author":1,"featured_media":0,"comment_status":"closed","ping_status":"closed","sticky":false,"template":"","format":"standard","meta":{"footnotes":""},"categories":[16,167,29],"tags":[4551,4556,4557,4555,4554,1671,1056,4552,4553,251,299,4224,2453,46,3260,2323],"quellen":[338],"class_list":["post-12553","post","type-post","status-publish","format-standard","hentry","category-stadtentwicklung","category-stadtteile","category-umwelt","tag-schwammstadt-sterkrade","tag-dachbegruenung","tag-elpenbach","tag-fassadenbegruenung","tag-flaechenentsiegelung","tag-infostand","tag-kanalisation","tag-niederschlaege","tag-niederschlagsmanagement","tag-ob-kandidat","tag-oberbuergermeister-kandidat","tag-spd-ob-kandidat","tag-spd-oberbuergermeisterkandidat","tag-sterkrade","tag-sterkrader-innenstadt","tag-thorsten-berg","quellen-ov-sterkrade-sued"],"_links":{"self":[{"href":"https:\/\/meier-gerdingh.de\/wp-spd-ob\/wp-json\/wp\/v2\/posts\/12553","targetHints":{"allow":["GET"]}}],"collection":[{"href":"https:\/\/meier-gerdingh.de\/wp-spd-ob\/wp-json\/wp\/v2\/posts"}],"about":[{"href":"https:\/\/meier-gerdingh.de\/wp-spd-ob\/wp-json\/wp\/v2\/types\/post"}],"author":[{"embeddable":true,"href":"https:\/\/meier-gerdingh.de\/wp-spd-ob\/wp-json\/wp\/v2\/users\/1"}],"replies":[{"embeddable":true,"href":"https:\/\/meier-gerdingh.de\/wp-spd-ob\/wp-json\/wp\/v2\/comments?post=12553"}],"version-history":[{"count":0,"href":"https:\/\/meier-gerdingh.de\/wp-spd-ob\/wp-json\/wp\/v2\/posts\/12553\/revisions"}],"wp:attachment":[{"href":"https:\/\/meier-gerdingh.de\/wp-spd-ob\/wp-json\/wp\/v2\/media?parent=12553"}],"wp:term":[{"taxonomy":"category","embeddable":true,"href":"https:\/\/meier-gerdingh.de\/wp-spd-ob\/wp-json\/wp\/v2\/categories?post=12553"},{"taxonomy":"post_tag","embeddable":true,"href":"https:\/\/meier-gerdingh.de\/wp-spd-ob\/wp-json\/wp\/v2\/tags?post=12553"},{"taxonomy":"quellen","embeddable":true,"href":"https:\/\/meier-gerdingh.de\/wp-spd-ob\/wp-json\/wp\/v2\/quellen?post=12553"}],"curies":[{"name":"wp","href":"https:\/\/api.w.org\/{rel}","templated":true}]}}