{"id":12566,"date":"2025-07-09T09:05:35","date_gmt":"2025-07-09T07:05:35","guid":{"rendered":"https:\/\/meier-gerdingh.de\/wp-spd-ob\/?p=12566"},"modified":"2025-07-23T18:12:46","modified_gmt":"2025-07-23T16:12:46","slug":"termine-der-spd-sommerschule-2025","status":"publish","type":"post","link":"https:\/\/meier-gerdingh.de\/wp-spd-ob\/2025\/07\/09\/termine-der-spd-sommerschule-2025\/","title":{"rendered":"Termine der SPD-Sommerschule 2025"},"content":{"rendered":"<p><a href=\"https:\/\/meier-gerdingh.de\/wp-spd-ob\/wp-content\/uploads\/2025\/07\/banner-spd-sommerschule-2025-small.jpg\"><img decoding=\"async\" class=\"aligncenter size-full wp-image-12564\" src=\"https:\/\/meier-gerdingh.de\/wp-spd-ob\/wp-content\/uploads\/2025\/07\/banner-spd-sommerschule-2025-small.jpg\" alt=\"\" width=\"700\" height=\"250\" srcset=\"https:\/\/meier-gerdingh.de\/wp-spd-ob\/wp-content\/uploads\/2025\/07\/banner-spd-sommerschule-2025-small.jpg 700w, https:\/\/meier-gerdingh.de\/wp-spd-ob\/wp-content\/uploads\/2025\/07\/banner-spd-sommerschule-2025-small-300x107.jpg 300w\" sizes=\"(max-width: 700px) 100vw, 700px\" \/><\/a>Auch in diesem Sommer gilt nat\u00fcrlich: keine gro\u00dfen Ferien ohne die SPD-Sommerschule! Die Ratsfraktion bietet einmal mehr in den sch\u00f6nsten Wochen des Jahres ein buntes Programm an, das keine Langeweile aufkommen l\u00e4sst. Noch dazu gibt&#8217;s keine schlechten Noten, nachsitzen muss auch niemand. Da bei den Veranstaltungen die Teilnehmerzahl begrenzt ist, bittet die SPD-Fraktion um rechtzeitige Anmeldungen, entweder per E-Mail unter <a href=\"mailto:buero@spd-fraktion-oberhausen.de\">buero@spd-fraktion-oberhausen.de<\/a> oder telefonisch unter <a href=\"tel:+492088253479\">(0208) 825-3479<\/a>.<!--more--><\/p>\n<hr id=\"soschu-25-01\" class=\"spd-ob-sommerschule-divider\" \/>\n<div class=\"spd-ob-sommerschule-date\"><em>1. Termin: <\/em>MI\u00a0|\u00a023. JULI 2025\u00a0|\u00a016.00 Uhr<\/div>\n<h3 class=\"spd-ob-sommerschule-title\">Ludwig-Galerie im Schloss Oberhausen<\/h3>\n<div class=\"spd-ob-sommerschule-location\"><em>Treffpunkt: <\/em>16.00 Uhr\u00a0| Innenhof Schloss | Konrad-Adenauer-Allee 46<\/div>\n<p>Erst Loriot, dann Lindenberg \u2013 ein Besuch in der Ludwiggalerie im Schloss. Ob Comics oder Karikaturen, Fotografien oder besondere St\u00fccke aus der Sammlung Ludwig: Im Schloss am Kaisergarten wird ebenso vielf\u00e4ltig wie erfolgreich Kunst pr\u00e4sentiert. Das ist nicht zuletzt das Verdienst der Direktorin Dr. Christine Vogt. Sie wird die Besuchergruppe an diesem Nachmittag empfangen und \u00fcber Vergangenes, Aktuelles und Geplantes sprechen (max. 25 Teilnehmer\/-innen). Treffpunkt ist im Innenhof des Schlosses, Konrad-Adenauer-Allee 46, vor dem Eingang zur Galerie.<br \/>\n<div class='ajde_evcal_calendar eventon_single_event eventon_event evo_sin_box sev cev color esty_2' ><div class='evo-data'   data-ux_val='1' data-exturl='' data-mapscroll='true' data-mapformat='roadmap' data-mapzoom='16' ><\/div><div class='evo_cal_data' data-sc='{\"excerpt\":\"no\",\"expanded\":\"no\",\"ux_val\":1,\"exturl\":\"\",\"mapscroll\":\"true\",\"mapformat\":\"roadmap\",\"mapzoom\":\"16\",\"maps_load\":\"yes\"}'><\/div><div id='evcal_list' class='eventon_events_list '><div id=\"event_12558_0\" class=\"eventon_list_event evo_eventtop scheduled  event clrD no_et event_12558_0\" data-event_id=\"12558\" data-ri=\"0r\" data-time=\"1753286400-1753315140\" data-colr=\"#0f2cad\" itemscope itemtype='http:\/\/schema.org\/Event'><div class=\"evo_event_schema\" style=\"display:none\" ><a itemprop='url'  href='https:\/\/meier-gerdingh.de\/wp-spd-ob\/termine\/1-termin-spd-sommerschule-ludwig-galerie-im-schloss\/'><\/a><meta itemprop='image'  \/><meta itemprop='startDate' content=\"2025-7-23T16:00+2:00\" \/><meta itemprop='endDate' content=\"2025-7-23T23:59+2:00\" \/><meta itemprop='eventStatus' content=\"https:\/\/schema.org\/EventScheduled\" \/><item style=\"display:none\" itemprop=\"location\" itemscope itemtype=\"http:\/\/schema.org\/Place\"><span itemprop=\"name\">Innenhof Schloss Oberhausen<\/span><span itemprop=\"address\" itemscope itemtype=\"http:\/\/schema.org\/PostalAddress\"><item itemprop=\"streetAddress\">Konrad-Adenauer-Allee 46, 46049 Oberhausen<\/item><\/span><\/item><item style=\"display:none\" itemprop=\"eventAttendanceMode\" itemscope itemtype=\"https:\/\/schema.org\/OfflineEventAttendanceMode\"><\/item><script type=\"application\/ld+json\">{\"@context\": \"http:\/\/schema.org\",\"@type\": \"Event\",\n\t\t\t\t\"@id\": \"event_12558_0\",\n\t\t\t\t\"eventAttendanceMode\":\"https:\/\/schema.org\/OfflineEventAttendanceMode\",\n\t\t\t\t\"eventStatus\":\"https:\/\/schema.org\/EventScheduled\",\n\t\t\t\t\"name\": \"1. Termin der SPD-Sommerschule: Ludwig-Galerie im Schloss\",\n\t\t\t\t\"url\": \"https:\/\/meier-gerdingh.de\/wp-spd-ob\/termine\/1-termin-spd-sommerschule-ludwig-galerie-im-schloss\/\",\n\t\t\t\t\"startDate\": \"2025-7-23T16:00+2:00\",\n\t\t\t\t\"endDate\": \"2025-7-23T23:59+2:00\",\n\t\t\t\t\"image\":\"\", \n\t\t\t\t\"description\":\"'1. Termin der SPD-Sommerschule: Ludwig-Galerie im Schloss'\",\"location\":[{\"@type\":\"Place\",\"name\":\"Innenhof Schloss Oberhausen\",\"address\":{\"@type\": \"PostalAddress\",\"streetAddress\":\"Konrad-Adenauer-Allee 46, 46049 Oberhausen\"}}]}<\/script><\/div>\r\n\t\t\t\t<p class=\"desc_trig_outter\" style=\"\"><a data-gmtrig=\"1\" data-exlk=\"0\" style=\"background-color: #0f2cad;\" id=\"evc_175328640012558\" class=\"desc_trig evo_sommerschule evo_spd-fraktion-oberhausen sin_val evcal_list_a\" data-ux_val=\"1\" data-ux_val_mob=\"-\"  ><span class='evoet_c2 evoet_cx '><span class='evoet_dayblock evcal_cblock ' data-bgcolor='#0f2cad' data-smon='Juli' data-syr='2025' data-bub=''><span class='evo_start '><em class='day'>Mi<\/em><em class='date'>23<\/em><em class='month'>Jul<\/em><em class='time'>16:00<\/em><\/span><\/span><\/span><span class='evoet_c3 evoet_cx evcal_desc'><span class='evoet_title evcal_desc2 evcal_event_title' itemprop='name'>1. Termin der SPD-Sommerschule: Ludwig-Galerie im Schloss<\/span><span class='event_location_attrs'  data-location_address=\"Konrad-Adenauer-Allee 46, 46049 Oberhausen\" data-location_type=\"lonlat\" data-location_name=\"Innenhof Schloss Oberhausen\" data-location_url=\"https:\/\/meier-gerdingh.de\/wp-spd-ob\/event-location\/innenhof-schloss-oberhausen\/\" data-location_status=\"true\" data-latlng=\"51.49229591348852,6.860327587444265\"><\/span><span class='evoet_subtitle evo_below_title'><\/span><span class='evoet_time_expand level_3'><em class='evcal_time evo_tz_time'><i class='fa fa-clock-o'><\/i>16:00 Uhr<\/em> <\/span><span class='evoet_location level_3'><em class=\"evcal_location\"  data-latlng=\"51.49229591348852,6.860327587444265\" data-add_str=\"\" data-n=\"Innenhof Schloss Oberhausen\"><i class=\"fa fa-location-pin\"><\/i><em class=\"event_location_name\">Innenhof Schloss Oberhausen<\/em><\/em><\/span><span class='evoet_eventtypes level_4 evcal_event_types ett2'><em><i>Veranstalter: <\/i><\/em><em data-filter='event_type' data-v='Sommerschule' data-id='3218' class='evoetet_val evoet_dataval'>Sommerschule,<\/em><em data-filter='event_type' data-v='SPD-Fraktion Oberhausen' data-id='510' class='evoetet_val evoet_dataval'>SPD-Fraktion Oberhausen<\/em><\/span><\/span><span class='evoet_data' data-d=\"{&quot;loc.n&quot;:&quot;Innenhof Schloss Oberhausen&quot;,&quot;orgs&quot;:[],&quot;tags&quot;:[]}\" data-bgc=\"#0f2cad\" data-bggrad=\"\" ><\/span><\/a><\/p><div class=\"event_description evcal_eventcard evo_sommerschule evo_spd-fraktion-oberhausen \" style=\"display:none\"><div class='evocard_row bx2 bx'><div id='event_time' class='evocard_box time' data-c='' \n\t\t\t\t\tstyle=''><div class='evo_metarow_time evorow evcal_evdata_row evcal_evrow_sm '>\n\t\t<span class='evcal_evdata_icons'><i class='fa fa-clock-o'><\/i><\/span>\n\t\t<div class='evcal_evdata_cell'>\t\t\t\t\t\t\t\n\t\t\t<h3 class='evo_h3'><span class='evcal_evdata_icons'><i class='fa fa-clock-o'><\/i><\/span>Datum:<\/h3><p><span class='evo_eventcard_time_t'>23. Juli 2025 16:00 Uhr<\/span><\/p>\n\t\t<\/div>\n\t<\/div><\/div><div id='event_location' class='evocard_box location' data-c='' \n\t\t\t\t\tstyle=''><div class='evcal_evdata_row evo_metarow_time_location evorow '>\n\t\t\n\t\t\t<span class='evcal_evdata_icons'><i class='fa fa-map-marker'><\/i><\/span>\n\t\t\t<div class='evcal_evdata_cell' data-loc_tax_id='4563'><h3 class='evo_h3 evodfx'><span class='evcal_evdata_icons'><i class='fa fa-map-marker'><\/i><\/span>Ort:<\/h3><p class='evo_location_name'>Innenhof Schloss Oberhausen<\/p><p class='evo_location_address'>Konrad-Adenauer-Allee 46, 46049 Oberhausen<\/p><div class='padt10'><span class='evo_btn_arr evolb_trigger' data-lbvals=\"{&quot;lbc&quot;:&quot;evo_location_lb_4563&quot;,&quot;lbac&quot;:&quot;lb_max&quot;,&quot;t&quot;:&quot;Innenhof Schloss Oberhausen&quot;,&quot;ajax&quot;:&quot;yes&quot;,&quot;ajax_type&quot;:&quot;endpoint&quot;,&quot;ajax_action&quot;:&quot;eventon_get_tax_card_content&quot;,&quot;end&quot;:&quot;client&quot;,&quot;d&quot;:{&quot;lang&quot;:&quot;L1&quot;,&quot;term_id&quot;:4563,&quot;tax&quot;:&quot;event_location&quot;,&quot;load_lbcontent&quot;:true}}\" >Andere Ereignisse<i class='fa fa-chevron-right'><\/i><\/span><\/div><\/div>\n\t\t\n\t<\/div><\/div><\/div><div class='evocard_row'><div id='event_addtocal' class='evocard_box addtocal' data-c='' \n\t\t\t\t\tstyle=''><div class='evo_metarow_ICS evorow evcal_evdata_row'>\n\t\t\t\t\t\t\t\t\t<span class='evcal_evdata_icons'><i class='fa fa-calendar-o'><\/i><\/span>\n\t\t\t\t\t\t\t\t\t<div class='evcal_evdata_cell'>\n\t\t\t\t\t\t\t\t\t\t<p><a href='https:\/\/meier-gerdingh.de\/wp-spd-ob\/wp-admin\/admin-ajax.php?action=eventon_ics_download&event_id=12558&ri=0&nonce=bb9b6dac9a' class='evo_ics_nCal' title='Zum Kalender hinzuf\u00fcgen'>Kalender<\/a><a href='\/\/www.google.com\/calendar\/event?action=TEMPLATE&amp;text=1.+Termin+der+SPD-Sommerschule%3A+Ludwig-Galerie+im+Schloss&amp;dates=20250723T160000Z\/20250723T235900Z&amp;ctz=UTC&amp;details=1.+Termin+der+SPD-Sommerschule%3A+Ludwig-Galerie+im+Schloss&amp;location=Innenhof+Schloss+OberhausenKonrad-Adenauer-Allee+46%2C+46049+Oberhausen' target='_blank' class='evo_ics_gCal' title='Zum Google-Kalender hinzuf\u00fcgen'>Google-Kalender<\/a><\/p>\t\n\t\t\t\t\t\t\t\t\t<\/div>\n\t\t\t\t\t\t\t\t<\/div><\/div><\/div><div class='evocard_row'><div id='event_gmap' class='evocard_box gmap' data-c='' \n\t\t\t\t\tstyle=''><div class='evo_metarow_gmap evcal_evdata_row evorow evcal_gmaps evc175328640069f3e18f7df5f12558_gmap place' id='evc175328640069f3e18f7df5f12558_gmap' style='max-width:none' data-address=\"Konrad-Adenauer-Allee 46, 46049 Oberhausen\" data-latlng=\"51.49229591348852,6.860327587444265\" data-location_type=\"place\" data-scroll=\"yes\" data-mty=\"roadmap\" data-zoom=\"16\" data-mapIcon=\"\" data-delay=\"400\" data-map_canvas_id=\"evc175328640069f3e18f7df5f12558_gmap\" >\n\t\t<span class='evo_map_load_out evoposr evodb evobr15'>\n\t\t<i class='fa fa-map-marker evoposa'><\/i><span class='evo_map_load evoposr evodb'>\t\t\t\t\t\n\t\t\t\t\t<i class='a'><\/i>\n\t\t\t\t\t<i class='b'><\/i>\n\t\t\t\t\t<i class='c'><\/i>\n\t\t\t\t\t<i class='d'><\/i>\n\t\t\t\t\t<i class='e'><\/i>\n\t\t\t\t\t<i class='f'><\/i>\n\t\t\t\t<\/span><\/span><\/div><\/div><\/div><div class='evocard_row'><div id='event_getdirection' class='evocard_box getdirection' data-c='' \n\t\t\t\t\tstyle=''><div class='evo_metarow_getDr evorow evcal_evdata_row evcal_evrow_sm getdirections'>\n\t\t<form action='https:\/\/maps.google.com\/maps' method='get' target='_blank'>\n\t\t\t<input type='hidden' name='daddr' value=\"Konrad-Adenauer-Allee 46, 46049 Oberhausen\"\/> \n\t\t\t<div class='evo_get_direction_content evo_fx_dr_r evogap10'>\n\t\t\t\t<span class='evogetdir_header evodfx evofx_dr_r evofx_ai_c marr10'>\n\t\t\t\t\t<i class='mainicon fa fa-road'><\/i> \n\t\t\t\t\t<h3 class='evo_h3' style='padding-bottom:5px;'>Routenplaner<\/h3>\n\t\t\t\t<\/span>\n\t\t\t\t<span class='evogetdir_field evodfx evofx_1_1 evo_fx_dr_c evow100p'>\t\t\t\t\t\n\t\t\t\t\t<input class='evoInput evotac' type='text' name='saddr' placeholder='Geben Sie Ihre Adresse ein' value='' style='margin:10px 0;'\/>\n\t\t\t\t<\/span>\n\t\t\t\t<button type='submit' class='evo_get_direction_button evo_btn_arr_circ dfx fx_ai_c' title='Hier klicken f\u00fcr Route'><i class='fa fa-chevron-right'><\/i> <\/button>\n\t\t\t<\/div>\n\t\t<\/form>\n\t<\/div><\/div><\/div><div class='evocard_row'><div id='event_evosocial' class='evocard_box evosocial' data-c='' \n\t\t\t\t\tstyle=''><div class='evo_metarow_socialmedia evcal_evdata_row '><div class='evo_sm FacebookShare'><a class=\" evo_ss\" target=\"_blank\" onclick=\"javascript:window.open(this.href, '', 'left=50,top=50,width=600,height=350,toolbar=0');return false;\"\r\n\t\t\t\t\t\thref=\"\/\/www.facebook.com\/sharer.php?u=https%3A%2F%2Fmeier-gerdingh.de%2Fwp-spd-ob%2Ftermine%2F1-termin-spd-sommerschule-ludwig-galerie-im-schloss%2F\" title=\"Auf Facebook teilen\"><i class=\"fa fab fa-facebook\"><\/i><\/a><\/div><div class='evo_sm Twitter'><a class=\"tw evo_ss\" onclick=\"javascript:window.open(this.href, '', 'menubar=no,toolbar=no,resizable=yes,scrollbars=yes,height=300,width=600');return false;\" href=\"\/\/twitter.com\/intent\/tweet?text=1. Termin der SPD-Sommerschule: Ludwig-Galerie im Schloss&#32;-&#32;&url=https%3A%2F%2Fmeier-gerdingh.de%2Fwp-spd-ob%2Ftermine%2F1-termin-spd-sommerschule-ludwig-galerie-im-schloss%2F\" title=\"Auf X teilen\" rel=\"nofollow\" target=\"_blank\" data-url=\"https%3A%2F%2Fmeier-gerdingh.de%2Fwp-spd-ob%2Ftermine%2F1-termin-spd-sommerschule-ludwig-galerie-im-schloss%2F\"><i class=\"fa fab fa-x-twitter\"><\/i><\/a><\/div><div class='evo_sm LinkedIn'><a class=\"li evo_ss\" href=\"\/\/www.linkedin.com\/shareArticle?mini=true&url=https%3A%2F%2Fmeier-gerdingh.de%2Fwp-spd-ob%2Ftermine%2F1-termin-spd-sommerschule-ludwig-galerie-im-schloss%2F&title=1.%20Termin%20der%20SPD-Sommerschule%3A%20Ludwig-Galerie%20im%20Schloss&summary=--\" target=\"_blank\" title=\"Auf Linkedin teilen\"><i class=\"fa fab fa-linkedin\"><\/i><\/a><\/div><div class='evo_sm Whatsapp'><a class=\"wa evo_ss\" href=\"https:\/\/api.whatsapp.com\/send?text=https%3A%2F%2Fmeier-gerdingh.de%2Fwp-spd-ob%2Ftermine%2F1-termin-spd-sommerschule-ludwig-galerie-im-schloss%2F\"\r\n\t\t\t\t        data-action=\"share\/whatsapp\/share\" target=\"_blank\" title=\"Auf WhatsApp teilen\"><i class=\"fa fab fa-whatsapp\"><\/i><\/a><\/div><div class='evo_sm EmailShare'><a class=\"em evo_ss\" href=\"mailto:?subject=1.%20Termin%20der%20SPD-Sommerschule%3A%20Ludwig-Galerie%20im%20Schloss&body=Event Name: 1.%20Termin%20der%20SPD-Sommerschule%3A%20Ludwig-Galerie%20im%20Schloss%0AEvent Date: 23. Juli 2025 16:00%0ALink: https%3A%2F%2Fmeier-gerdingh.de%2Fwp-spd-ob%2Ftermine%2F1-termin-spd-sommerschule-ludwig-galerie-im-schloss%2F%0A\" target=\"_blank\"><i class=\"fa fa-envelope\"><\/i><\/a><\/div><\/div><\/div><\/div><div class='evo_card_row_end evcal_close' title='Schlie\u00dfen'><\/div><\/div><div class='clear end'><\/div><\/div><\/div><\/div><\/p>\n<hr id=\"soschu-25-02\" class=\"spd-ob-sommerschule-divider\" \/>\n<div class=\"spd-ob-sommerschule-date\"><em>2. Termin: <\/em>MI\u00a0|\u00a030. JULI 2025\u00a0|\u00a016.00 Uhr<\/div>\n<h3 class=\"spd-ob-sommerschule-title\">Soziokultur und mehr im Zentrum Altenberg<\/h3>\n<div class=\"spd-ob-sommerschule-location\"><em>Treffpunkt: <\/em>16.00 Uhr\u00a0| Zentrum Altenberg | Hansastr.\u00a020<\/div>\n<p>Soziokultur und mehr in der alten Zinkfabrik Altenberg. Wir tauchen ein wenig ein in die Geschichte der Industrie in Oberhausen und ebenso die der Soziokultur in unserer Stadt. Die Teilnehmerinnen und Teilnehmer erwartet ein Rundgang mit vielen Informationen zu diesem spannenden Ort \u2013 und zum Abschluss wartet noch ein Kaltgetr\u00e4nk. Treffpunkt ist auf dem Gel\u00e4nde des Zentrum Altenberg, Hansastra\u00dfe 20 (Eingang \u00fcber die Altenberger Stra\u00dfe direkt auf den Hof, max. 25 Teilnehmer\/-innen).<br \/>\n<div class='ajde_evcal_calendar eventon_single_event eventon_event evo_sin_box sev cev color esty_2' ><div class='evo-data'   data-ux_val='1' data-exturl='' data-mapscroll='true' data-mapformat='roadmap' data-mapzoom='16' ><\/div><div class='evo_cal_data' data-sc='{\"excerpt\":\"no\",\"expanded\":\"no\",\"ux_val\":1,\"exturl\":\"\",\"mapscroll\":\"true\",\"mapformat\":\"roadmap\",\"mapzoom\":\"16\",\"maps_load\":\"yes\"}'><\/div><div id='evcal_list' class='eventon_events_list '>Missing Event Data<\/div><\/div><\/p>\n<hr id=\"soschu-25-03\" class=\"spd-ob-sommerschule-divider\" \/>\n<div class=\"spd-ob-sommerschule-date\"><em>3. Termin: <\/em>MI\u00a0|\u00a006. AUGUST 2025\u00a0|\u00a015.00 Uhr<\/div>\n<h3 class=\"spd-ob-sommerschule-title\">Quartiersb\u00fcro an der Bebelstra\u00dfe<\/h3>\n<div class=\"spd-ob-sommerschule-location\"><em>Treffpunkt: <\/em>15.00 Uhr\u00a0| Bebelstr. 23<\/div>\n<p>Stippvisite im Quartiersb\u00fcro an der Bebelstra\u00dfe. Die sechs Quartiersb\u00fcros haben sich zu wichtigen Anlaufstellen in Oberhausen entwickelt. Im Wohnpark Bebelstra\u00dfe wird die Einrichtung von der Caritas betrieben, dort gibt es Beratung und Hilfestellung f\u00fcr Seniorinnen und Senioren. Welche Hilfen nachgefragt werden, wie viele Menschen von dem Angebot Gebrauch machen und noch vieles mehr erfahren wir bei unserem Besuch an der Bebelstra\u00dfe 23 direkt im Wohnpark Bebelstra\u00dfe, Treffpunkt ist gleich vor der Eingangst\u00fcr des Quartiersb\u00fcros (max. 20 Teilnehmer\/-innen).<br \/>\n<div class='ajde_evcal_calendar eventon_single_event eventon_event evo_sin_box sev cev color esty_2' ><div class='evo-data'   data-ux_val='1' data-exturl='' data-mapscroll='true' data-mapformat='roadmap' data-mapzoom='16' ><\/div><div class='evo_cal_data' data-sc='{\"excerpt\":\"no\",\"expanded\":\"no\",\"ux_val\":1,\"exturl\":\"\",\"mapscroll\":\"true\",\"mapformat\":\"roadmap\",\"mapzoom\":\"16\",\"maps_load\":\"yes\"}'><\/div><div id='evcal_list' class='eventon_events_list '>Missing Event Data<\/div><\/div><\/p>\n<hr id=\"soschu-25-04\" class=\"spd-ob-sommerschule-divider\" \/>\n<div class=\"spd-ob-sommerschule-date\"><em>4. Termin: <\/em>MI\u00a0|\u00a013. AUGUST 2025\u00a0|\u00a015.00 Uhr<\/div>\n<h3 class=\"spd-ob-sommerschule-title\">Smart-Haus in Sterkrade<\/h3>\n<div class=\"spd-ob-sommerschule-location\"><em>Treffpunkt: <\/em>15.00 Uhr\u00a0| Steinbrinkstr.\u00a0216<\/div>\n<p>Wir besuchen das Smart-Haus in Sterkrade, Steinbrinkstra\u00dfe 216: Was im Dezember 2021 mit einem SPD-Antrag zur &#8222;Einrichtung eines Smart-Hauses der offenen T\u00fcr in der Sterkrader Innenstadt&#8220; zur Veranschaulichung digitaler Unterst\u00fctzungssysteme f\u00fcr Seniorinnen und Senioren angefangen hat, ist eine Erfolgsgeschichte geworden: Im ersten Quartal 2025 wurden in Sterkrade fast 300 Beratungen durchgef\u00fchrt, und man blickt schon l\u00e4ngst \u00fcber L\u00e4ndergrenzen hinweg, um neue Digitalstrategien in der Pflege kennenzulernen. \u00dcber diese Themen und interessante Kooperationen werden uns die Verantwortlichen der Guten Hoffnung informieren (max. 20 Teilnehmer\/-innen).<br \/>\n<div class='ajde_evcal_calendar eventon_single_event eventon_event evo_sin_box sev cev color esty_2' ><div class='evo-data'   data-ux_val='1' data-exturl='' data-mapscroll='true' data-mapformat='roadmap' data-mapzoom='16' ><\/div><div class='evo_cal_data' data-sc='{\"excerpt\":\"no\",\"expanded\":\"no\",\"ux_val\":1,\"exturl\":\"\",\"mapscroll\":\"true\",\"mapformat\":\"roadmap\",\"mapzoom\":\"16\",\"maps_load\":\"yes\"}'><\/div><div id='evcal_list' class='eventon_events_list '>Missing Event Data<\/div><\/div><\/p>\n<hr id=\"soschu-25-05\" class=\"spd-ob-sommerschule-divider\" \/>\n<div class=\"spd-ob-sommerschule-date\"><em>5. Termin: <\/em>MI\u00a0|\u00a020. AUGUST 2025\u00a0|\u00a016.00 Uhr<\/div>\n<h3 class=\"spd-ob-sommerschule-title\">Luise-Albertz-Halle<\/h3>\n<div class=\"spd-ob-sommerschule-location\"><em>Treffpunkt: <\/em>16.00 Uhr\u00a0| Vor dem Haupteingang | D\u00fcppelstra\u00dfe 1<\/div>\n<p>Wir schauen hinter die Kulissen der Luise-Albertz-Halle: Die LAH ist die &#8222;gute Stube&#8220; unserer Stadt \u2013 ob Karneval oder Klassik, Kongresse oder Comedy; hier findet \u2013 fast \u2013 jeder etwas f\u00fcr sich. Das h\u00e4tte ab 2019 auch grundlegend anders verlaufen k\u00f6nnen. Vor gut sechs Jahren entschied sich eine Ratsmehrheit mit der SPD \u2013 gegen die Stimmen der CDU und des Oberb\u00fcrgermeisters \u2013 daf\u00fcr, die Stadthalle weiterhin in Eigenregie zu betreiben und keinen Betreibervertrag mit dem Unternehmen SMG zu vereinbaren. F\u00fcr diese Haltung gab&#8217;s auch Kritik \u2013 zurecht? Wir schauen hinter die Kulissen der LAH und lassen uns von Gesch\u00e4ftsf\u00fchrer Willi Joe Schaugg erkl\u00e4ren, wie&#8217;s l\u00e4uft an der D\u00fcppelstra\u00dfe. Zum Abschluss dieser Veranstaltung und der Sommerschule 2025 laden wir unsere G\u00e4ste gerne auf ein Getr\u00e4nk und eine Bratwurst in den Biergarten der CCO-Eventgastronomie ein. Treffpunkt ist vor dem Haupteingang der LAH (max. 25 Teilnehmer\/-innen).<br \/>\n<div class='ajde_evcal_calendar eventon_single_event eventon_event evo_sin_box sev cev color esty_2' ><div class='evo-data'   data-ux_val='1' data-exturl='' data-mapscroll='true' data-mapformat='roadmap' data-mapzoom='16' ><\/div><div class='evo_cal_data' data-sc='{\"excerpt\":\"no\",\"expanded\":\"no\",\"ux_val\":1,\"exturl\":\"\",\"mapscroll\":\"true\",\"mapformat\":\"roadmap\",\"mapzoom\":\"16\",\"maps_load\":\"yes\"}'><\/div><div id='evcal_list' class='eventon_events_list '>Missing Event Data<\/div><\/div><\/p>\n","protected":false},"excerpt":{"rendered":"<p>Auch in diesem Sommer gilt nat\u00fcrlich: keine gro\u00dfen Ferien ohne die SPD-Sommerschule! Die Ratsfraktion bietet einmal mehr in den sch\u00f6nsten Wochen des Jahres ein buntes Programm an, das keine Langeweile&hellip; <\/p>\n","protected":false},"author":1,"featured_media":0,"comment_status":"closed","ping_status":"closed","sticky":false,"template":"","format":"standard","meta":{"footnotes":""},"categories":[173,171],"tags":[819,4567],"quellen":[326],"class_list":["post-12566","post","type-post","status-publish","format-standard","hentry","category-parteileben","category-veranstaltungen","tag-spd-sommerschule","tag-spd-sommerschule-2025","quellen-spd-fraktion-oberhausen"],"_links":{"self":[{"href":"https:\/\/meier-gerdingh.de\/wp-spd-ob\/wp-json\/wp\/v2\/posts\/12566","targetHints":{"allow":["GET"]}}],"collection":[{"href":"https:\/\/meier-gerdingh.de\/wp-spd-ob\/wp-json\/wp\/v2\/posts"}],"about":[{"href":"https:\/\/meier-gerdingh.de\/wp-spd-ob\/wp-json\/wp\/v2\/types\/post"}],"author":[{"embeddable":true,"href":"https:\/\/meier-gerdingh.de\/wp-spd-ob\/wp-json\/wp\/v2\/users\/1"}],"replies":[{"embeddable":true,"href":"https:\/\/meier-gerdingh.de\/wp-spd-ob\/wp-json\/wp\/v2\/comments?post=12566"}],"version-history":[{"count":0,"href":"https:\/\/meier-gerdingh.de\/wp-spd-ob\/wp-json\/wp\/v2\/posts\/12566\/revisions"}],"wp:attachment":[{"href":"https:\/\/meier-gerdingh.de\/wp-spd-ob\/wp-json\/wp\/v2\/media?parent=12566"}],"wp:term":[{"taxonomy":"category","embeddable":true,"href":"https:\/\/meier-gerdingh.de\/wp-spd-ob\/wp-json\/wp\/v2\/categories?post=12566"},{"taxonomy":"post_tag","embeddable":true,"href":"https:\/\/meier-gerdingh.de\/wp-spd-ob\/wp-json\/wp\/v2\/tags?post=12566"},{"taxonomy":"quellen","embeddable":true,"href":"https:\/\/meier-gerdingh.de\/wp-spd-ob\/wp-json\/wp\/v2\/quellen?post=12566"}],"curies":[{"name":"wp","href":"https:\/\/api.w.org\/{rel}","templated":true}]}}