{"id":12572,"date":"2025-07-09T16:14:28","date_gmt":"2025-07-09T14:14:28","guid":{"rendered":"https:\/\/meier-gerdingh.de\/wp-spd-ob\/?p=12572"},"modified":"2025-07-09T16:14:28","modified_gmt":"2025-07-09T14:14:28","slug":"baustellen-bleiben-ein-daueraergernis","status":"publish","type":"post","link":"https:\/\/meier-gerdingh.de\/wp-spd-ob\/2025\/07\/09\/baustellen-bleiben-ein-daueraergernis\/","title":{"rendered":"Baustellen bleiben ein Dauer\u00e4rgernis"},"content":{"rendered":"<p><a href=\"https:\/\/meier-gerdingh.de\/wp-spd-ob\/wp-content\/uploads\/2025\/06\/banner-thorstenberg-oberhausen.de-final-700.jpg\"><img decoding=\"async\" class=\"aligncenter size-full wp-image-12506\" src=\"https:\/\/meier-gerdingh.de\/wp-spd-ob\/wp-content\/uploads\/2025\/06\/banner-thorstenberg-oberhausen.de-final-700.jpg\" alt=\"\" width=\"700\" height=\"231\" srcset=\"https:\/\/meier-gerdingh.de\/wp-spd-ob\/wp-content\/uploads\/2025\/06\/banner-thorstenberg-oberhausen.de-final-700.jpg 700w, https:\/\/meier-gerdingh.de\/wp-spd-ob\/wp-content\/uploads\/2025\/06\/banner-thorstenberg-oberhausen.de-final-700-300x99.jpg 300w\" sizes=\"(max-width: 700px) 100vw, 700px\" \/><\/a>Oberhausens mangelhaft koordinierte Dauerbaustellen bleiben auch in der Ferienzeit ein \u00c4rgernis. Der Grund: Die Arbeiten an einem alten Stromkabel, die dazu f\u00fchren, dass die Fahrbahn der Ebertstra\u00dfe unter der Unterf\u00fchrung in Richtung Innenstadt gesperrt wird. Ab der Hansastra\u00dfe wird der Verkehr umgeleitet.<\/p>\n<p>&#8222;Ich habe wie die meisten Menschen vollstes Verst\u00e4ndnis f\u00fcr notwendige Ma\u00dfnahmen und damit verbundene Verkehrsbehinderungen&#8220;, erkl\u00e4rt SPD-Spitzenkandidat Thorsten Berg. &#8222;Aber auch hier gilt wie so oft in unserer Stadt: Es fehlt schlicht und einfach an Koordination und Kommunikation. Wer auf den Stra\u00dfen unserer Stadt unterwegs ist, braucht viel Zeit, eine Menge Geduld und starke Nerven&#8220;, so Berg.<!--more--><\/p>\n<p><div id=\"attachment_12313\" style=\"width: 250px\" class=\"wp-caption alignleft\"><a href=\"https:\/\/meier-gerdingh.de\/wp-spd-ob\/wp-content\/uploads\/2025\/02\/thorsten-berg-25-02-lg.jpg\"><img aria-describedby=\"caption-attachment-12313\" decoding=\"async\" src=\"https:\/\/meier-gerdingh.de\/wp-spd-ob\/wp-content\/uploads\/2025\/02\/thorsten-berg-25-02.jpg\" alt=\"\" width=\"240\" height=\"360\" class=\"size-full wp-image-12313\" srcset=\"https:\/\/meier-gerdingh.de\/wp-spd-ob\/wp-content\/uploads\/2025\/02\/thorsten-berg-25-02.jpg 240w, https:\/\/meier-gerdingh.de\/wp-spd-ob\/wp-content\/uploads\/2025\/02\/thorsten-berg-25-02-200x300.jpg 200w\" sizes=\"(max-width: 240px) 100vw, 240px\" \/><\/a><p id=\"caption-attachment-12313\" class=\"wp-caption-text\">Thorsten Berg ist der Oberb\u00fcrgermeister-Kandidat der Oberhausener SPD<\/p><\/div>Wer den Blick nur ein wenig schweifen l\u00e4sst, erkennt das Dilemma: Altenberger- und Hansastra\u00dfe sind teilweise gesperrt, stehen also als Ausweichm\u00f6glichkeiten nicht zur Verf\u00fcgung. Nur einen Steinwurf entfernt sorgen die aktuellen Regelungen an der Buschhausener- \/ Duisburger Stra\u00dfe sowie an den Fahrradkreuzungen f\u00fcr zus\u00e4tzlichen Frust bei den Verkehrsteilnehmerinnen und -teilnehmern.<\/p>\n<p>Dabei h\u00e4tte es sehr wohl die M\u00f6glichkeit gegeben, die Situation zumindest ein wenig zu entzerren: Hansa- und Altenberger Stra\u00dfe sollen im September wieder frei sein, die Ecke Buschhausener \/ Duisburger Stra\u00dfe ab August.<\/p>\n<p>&#8222;Es ist mir ein R\u00e4tsel: Warum er\u00f6ffnet man neue Baustellen, w\u00e4hrend Alternativrouten ebenfalls wegen Bauarbeiten noch gesperrt sind?&#8220;, fragt Berg. &#8222;Niemand tr\u00e4gt Schuld an maroden Kabeln oder Stra\u00dfensch\u00e4den&#8220;, so der Spitzenkandidat. &#8222;Die Frage ist doch, wie man damit umgeht. Und das Baustellenmanagement in unserer Stadt ist schlicht und ergreifend mangelhaft. Ein Problem, das die Oberhausener leider schon lange kennen \u2013 und OB Schranz ganz offensichtlich nicht in den Griff bekommt.&#8220;<\/p>\n","protected":false},"excerpt":{"rendered":"<p>Oberhausens mangelhaft koordinierte Dauerbaustellen bleiben auch in der Ferienzeit ein \u00c4rgernis. Der Grund: Die Arbeiten an einem alten Stromkabel, die dazu f\u00fchren, dass die Fahrbahn der Ebertstra\u00dfe unter der Unterf\u00fchrung&hellip; <\/p>\n","protected":false},"author":1,"featured_media":0,"comment_status":"closed","ping_status":"closed","sticky":false,"template":"","format":"standard","meta":{"footnotes":""},"categories":[3070,27],"tags":[4581,2473,235,4580,4582,1347,4576,4577,4223,251,299,4224,2453,4578,4584,2480,2323,4583,4579],"quellen":[327],"class_list":["post-12572","post","type-post","status-publish","format-standard","hentry","category-mobilitaet","category-planen-bauen-wohnen-verkehr","tag-altenberger-strasse","tag-baustellen","tag-baustellenmanagement","tag-buschhausener-strasse","tag-dauerbaustellen","tag-duisburger-strasse","tag-ebertstrasse","tag-hansastrasse","tag-kommunalwahl-2025","tag-ob-kandidat","tag-oberbuergermeister-kandidat","tag-spd-ob-kandidat","tag-spd-oberbuergermeisterkandidat","tag-staustellen","tag-strassenschaeden","tag-strassensperrungen","tag-thorsten-berg","tag-umleitungen","tag-verkehrsbehinderungen","quellen-spd-unterbezirk-oberhausen"],"_links":{"self":[{"href":"https:\/\/meier-gerdingh.de\/wp-spd-ob\/wp-json\/wp\/v2\/posts\/12572","targetHints":{"allow":["GET"]}}],"collection":[{"href":"https:\/\/meier-gerdingh.de\/wp-spd-ob\/wp-json\/wp\/v2\/posts"}],"about":[{"href":"https:\/\/meier-gerdingh.de\/wp-spd-ob\/wp-json\/wp\/v2\/types\/post"}],"author":[{"embeddable":true,"href":"https:\/\/meier-gerdingh.de\/wp-spd-ob\/wp-json\/wp\/v2\/users\/1"}],"replies":[{"embeddable":true,"href":"https:\/\/meier-gerdingh.de\/wp-spd-ob\/wp-json\/wp\/v2\/comments?post=12572"}],"version-history":[{"count":0,"href":"https:\/\/meier-gerdingh.de\/wp-spd-ob\/wp-json\/wp\/v2\/posts\/12572\/revisions"}],"wp:attachment":[{"href":"https:\/\/meier-gerdingh.de\/wp-spd-ob\/wp-json\/wp\/v2\/media?parent=12572"}],"wp:term":[{"taxonomy":"category","embeddable":true,"href":"https:\/\/meier-gerdingh.de\/wp-spd-ob\/wp-json\/wp\/v2\/categories?post=12572"},{"taxonomy":"post_tag","embeddable":true,"href":"https:\/\/meier-gerdingh.de\/wp-spd-ob\/wp-json\/wp\/v2\/tags?post=12572"},{"taxonomy":"quellen","embeddable":true,"href":"https:\/\/meier-gerdingh.de\/wp-spd-ob\/wp-json\/wp\/v2\/quellen?post=12572"}],"curies":[{"name":"wp","href":"https:\/\/api.w.org\/{rel}","templated":true}]}}