{"id":12587,"date":"2025-07-13T22:21:02","date_gmt":"2025-07-13T20:21:02","guid":{"rendered":"https:\/\/meier-gerdingh.de\/wp-spd-ob\/?p=12587"},"modified":"2025-07-14T11:11:20","modified_gmt":"2025-07-14T09:11:20","slug":"ob-kandidat-thorsten-berg-startet-gespraechsreihe-bei-kitev","status":"publish","type":"post","link":"https:\/\/meier-gerdingh.de\/wp-spd-ob\/2025\/07\/13\/ob-kandidat-thorsten-berg-startet-gespraechsreihe-bei-kitev\/","title":{"rendered":"OB-Kandidat Thorsten Berg startet Gespr\u00e4chsreihe bei Kitev"},"content":{"rendered":"<p><a href=\"https:\/\/meier-gerdingh.de\/wp-spd-ob\/wp-content\/uploads\/2025\/07\/banner-thorstens-talk-im-turm-25-07-22-700.jpg\"><img decoding=\"async\" class=\"aligncenter size-full wp-image-12588\" src=\"https:\/\/meier-gerdingh.de\/wp-spd-ob\/wp-content\/uploads\/2025\/07\/banner-thorstens-talk-im-turm-25-07-22.jpg\" alt=\"\" width=\"700\" height=\"394\" \/><\/a>Der eine hat hinl\u00e4nglich bewiesen, dass er &#8222;Oberhausen kann&#8220;; der andere steht in den Startl\u00f6chern, um als Oberb\u00fcrgermeister unsere Stadt wieder nach vorne zu bringen: Am <strong>Dienstag, 22. Juli, 18 Uhr<\/strong>, treffen sich <strong>Alt-Oberb\u00fcrgermeister Burkhard Drescher<\/strong> und <strong>SPD-Spitzenkandidat Thorsten Berg<\/strong> zum \u00f6ffentlichen Dialog bei <strong>&#8222;Kitev \u2013 Kultur im Turm&#8220;<\/strong> im Oberhausener Hauptbahnhof. G\u00e4ste sind herzlich willkommen, der Eintritt ist frei.<\/p>\n<p>&#8222;Ich freue mich sehr und bin gespannt auf das Gespr\u00e4ch mit Burkhard Drescher. Er hat nicht zuletzt durch die Centro-Ansiedlung bewiesen, dass man auch in schwierigen Zeiten als Oberb\u00fcrgermeister eine Menge bewegen kann, wenn man bereit ist, gro\u00df zu denken und die \u00c4rmel hochzukrempeln&#8220;, erkl\u00e4rt Berg. Da beide Gespr\u00e4chspartner Freunde des offenen Wortes sind, erwartet die Zuh\u00f6rerinnen und Zuh\u00f6rer ein ebenso abwechslungsreicher wie aufschlussreicher Abend.<!--more--><\/p>\n<p>Und es wird nicht der einzige bleiben: Unter dem Titel <strong>&#8222;Thorstens Talk im Turm&#8220;<\/strong> wird der Spitzenkandidat der Oberhausener SPD im markanten Bahnhofsgeb\u00e4ude in loser Folge auf die unterschiedlichsten Pers\u00f6nlichkeiten treffen. &#8222;Die m\u00fcssen nicht zwingend aus der Politik sein, interessante Menschen gibt es in Oberhausen und Umgebung schlie\u00dflich genug&#8220;, so Berg.<\/p>\n<p>Das Auftaktgespr\u00e4ch am 22. Juli moderiert Heiko Blumenthal, Referent des Duisburger Oberb\u00fcrgermeisters S\u00f6ren Link. Blumenthal ist nicht nur ein Experte f\u00fcr Kommunalpolitik, sondern auch bestens mit den Oberhausener Verh\u00e4ltnissen vertraut: Vor seinem Wechsel in die Duisburger Stadtkanzlei war er Gesch\u00e4ftsf\u00fchrer der Oberhausener SPD-Ratsfraktion.<\/p>\n","protected":false},"excerpt":{"rendered":"<p>Der eine hat hinl\u00e4nglich bewiesen, dass er &#8222;Oberhausen kann&#8220;; der andere steht in den Startl\u00f6chern, um als Oberb\u00fcrgermeister unsere Stadt wieder nach vorne zu bringen: Am Dienstag, 22. Juli, 18&hellip; <\/p>\n","protected":false},"author":1,"featured_media":0,"comment_status":"closed","ping_status":"closed","sticky":false,"template":"","format":"standard","meta":{"footnotes":""},"categories":[171,178],"tags":[4585,475,4586,2300,4223,251,299,4224,2453,2323],"quellen":[327],"class_list":["post-12587","post","type-post","status-publish","format-standard","hentry","category-veranstaltungen","category-wahlen","tag-thorstens-talk-im-turm","tag-burkhard-drescher","tag-hauptbahnhof-oberhausen","tag-kitev","tag-kommunalwahl-2025","tag-ob-kandidat","tag-oberbuergermeister-kandidat","tag-spd-ob-kandidat","tag-spd-oberbuergermeisterkandidat","tag-thorsten-berg","quellen-spd-unterbezirk-oberhausen"],"_links":{"self":[{"href":"https:\/\/meier-gerdingh.de\/wp-spd-ob\/wp-json\/wp\/v2\/posts\/12587","targetHints":{"allow":["GET"]}}],"collection":[{"href":"https:\/\/meier-gerdingh.de\/wp-spd-ob\/wp-json\/wp\/v2\/posts"}],"about":[{"href":"https:\/\/meier-gerdingh.de\/wp-spd-ob\/wp-json\/wp\/v2\/types\/post"}],"author":[{"embeddable":true,"href":"https:\/\/meier-gerdingh.de\/wp-spd-ob\/wp-json\/wp\/v2\/users\/1"}],"replies":[{"embeddable":true,"href":"https:\/\/meier-gerdingh.de\/wp-spd-ob\/wp-json\/wp\/v2\/comments?post=12587"}],"version-history":[{"count":0,"href":"https:\/\/meier-gerdingh.de\/wp-spd-ob\/wp-json\/wp\/v2\/posts\/12587\/revisions"}],"wp:attachment":[{"href":"https:\/\/meier-gerdingh.de\/wp-spd-ob\/wp-json\/wp\/v2\/media?parent=12587"}],"wp:term":[{"taxonomy":"category","embeddable":true,"href":"https:\/\/meier-gerdingh.de\/wp-spd-ob\/wp-json\/wp\/v2\/categories?post=12587"},{"taxonomy":"post_tag","embeddable":true,"href":"https:\/\/meier-gerdingh.de\/wp-spd-ob\/wp-json\/wp\/v2\/tags?post=12587"},{"taxonomy":"quellen","embeddable":true,"href":"https:\/\/meier-gerdingh.de\/wp-spd-ob\/wp-json\/wp\/v2\/quellen?post=12587"}],"curies":[{"name":"wp","href":"https:\/\/api.w.org\/{rel}","templated":true}]}}