{"id":12590,"date":"2025-07-13T21:05:20","date_gmt":"2025-07-13T19:05:20","guid":{"rendered":"https:\/\/meier-gerdingh.de\/wp-spd-ob\/?p=12590"},"modified":"2025-07-14T11:10:24","modified_gmt":"2025-07-14T09:10:24","slug":"spd-informierte-in-sterkrade-ueber-die-schwammstadt","status":"publish","type":"post","link":"https:\/\/meier-gerdingh.de\/wp-spd-ob\/2025\/07\/13\/spd-informierte-in-sterkrade-ueber-die-schwammstadt\/","title":{"rendered":"SPD informierte in Sterkrade \u00fcber die Schwammstadt"},"content":{"rendered":"<div id=\"attachment_12591\" style=\"width: 710px\" class=\"wp-caption aligncenter\"><a href=\"https:\/\/meier-gerdingh.de\/wp-spd-ob\/wp-content\/uploads\/2025\/07\/ov-sterkrade-sued-infostand-schwammstadt-lg.jpg\"><img aria-describedby=\"caption-attachment-12591\" decoding=\"async\" class=\"size-full wp-image-12591\" src=\"https:\/\/meier-gerdingh.de\/wp-spd-ob\/wp-content\/uploads\/2025\/07\/ov-sterkrade-sued-infostand-schwammstadt.jpg\" alt=\"\" width=\"700\" height=\"524\" srcset=\"https:\/\/meier-gerdingh.de\/wp-spd-ob\/wp-content\/uploads\/2025\/07\/ov-sterkrade-sued-infostand-schwammstadt.jpg 700w, https:\/\/meier-gerdingh.de\/wp-spd-ob\/wp-content\/uploads\/2025\/07\/ov-sterkrade-sued-infostand-schwammstadt-300x225.jpg 300w\" sizes=\"(max-width: 700px) 100vw, 700px\" \/><\/a><p id=\"caption-attachment-12591\" class=\"wp-caption-text\">Hubert Cordes, Ute Jordan-Ecker und Thorsten Berg beim Infostand zur &#8222;Schwammstadt Sterkrade&#8220; in der Sterkrader City<\/p><\/div>\n<p>Der SPD-Ortsverein Sterkrade-S\u00fcd informierte am Samstag, 12. Juli, von 10 Uhr bis 12.30 Uhr an einem Infostand in der Sterkrader Innenstadt \u00fcber das Projekt &#8222;Schwammstadt Sterkrade&#8220;.<\/p>\n<p>Die Schwammstadt ist ein innovatives Stadtentwicklungsmodell, das den Schwerpunkt auf das Niederschlagsmanagement durch die St\u00e4rkung der gr\u00fcnen Infrastruktur legt. Konkrete Ma\u00dfnahmen bis 2028 werden die Baum-Rigolen unter ca. 60 neu gepflanzten B\u00e4umen sein, ein offener Wasserlauf des ehemaligen verrohrten Elpenbachs, Entsiegelung von Fl\u00e4chen, Fassaden- und Dachbegr\u00fcnungen.<!--more--><\/p>\n<p>Durch die Abkoppelung des Regenwassers von der Kanalisation werden weitere Verdunstungsfl\u00e4chen geschaffen, die das Klima in der Sterkrader Innenstadt verbessern.<\/p>\n<p>Unterst\u00fctzt wurde der Infostand durch den Oberb\u00fcrgermeister-Kandidaten der SPD Thorsten Berg.<\/p>\n","protected":false},"excerpt":{"rendered":"<p>Der SPD-Ortsverein Sterkrade-S\u00fcd informierte am Samstag, 12. Juli, von 10 Uhr bis 12.30 Uhr an einem Infostand in der Sterkrader Innenstadt \u00fcber das Projekt &#8222;Schwammstadt Sterkrade&#8220;. Die Schwammstadt ist ein&hellip; <\/p>\n","protected":false},"author":1,"featured_media":0,"comment_status":"closed","ping_status":"closed","sticky":false,"template":"","format":"standard","meta":{"footnotes":""},"categories":[16,167,29],"tags":[4551,4556,4557,4555,4554,1671,1056,4552,4553,251,299,4224,2453,46,3260,2323],"quellen":[338],"class_list":["post-12590","post","type-post","status-publish","format-standard","hentry","category-stadtentwicklung","category-stadtteile","category-umwelt","tag-schwammstadt-sterkrade","tag-dachbegruenung","tag-elpenbach","tag-fassadenbegruenung","tag-flaechenentsiegelung","tag-infostand","tag-kanalisation","tag-niederschlaege","tag-niederschlagsmanagement","tag-ob-kandidat","tag-oberbuergermeister-kandidat","tag-spd-ob-kandidat","tag-spd-oberbuergermeisterkandidat","tag-sterkrade","tag-sterkrader-innenstadt","tag-thorsten-berg","quellen-ov-sterkrade-sued"],"_links":{"self":[{"href":"https:\/\/meier-gerdingh.de\/wp-spd-ob\/wp-json\/wp\/v2\/posts\/12590","targetHints":{"allow":["GET"]}}],"collection":[{"href":"https:\/\/meier-gerdingh.de\/wp-spd-ob\/wp-json\/wp\/v2\/posts"}],"about":[{"href":"https:\/\/meier-gerdingh.de\/wp-spd-ob\/wp-json\/wp\/v2\/types\/post"}],"author":[{"embeddable":true,"href":"https:\/\/meier-gerdingh.de\/wp-spd-ob\/wp-json\/wp\/v2\/users\/1"}],"replies":[{"embeddable":true,"href":"https:\/\/meier-gerdingh.de\/wp-spd-ob\/wp-json\/wp\/v2\/comments?post=12590"}],"version-history":[{"count":0,"href":"https:\/\/meier-gerdingh.de\/wp-spd-ob\/wp-json\/wp\/v2\/posts\/12590\/revisions"}],"wp:attachment":[{"href":"https:\/\/meier-gerdingh.de\/wp-spd-ob\/wp-json\/wp\/v2\/media?parent=12590"}],"wp:term":[{"taxonomy":"category","embeddable":true,"href":"https:\/\/meier-gerdingh.de\/wp-spd-ob\/wp-json\/wp\/v2\/categories?post=12590"},{"taxonomy":"post_tag","embeddable":true,"href":"https:\/\/meier-gerdingh.de\/wp-spd-ob\/wp-json\/wp\/v2\/tags?post=12590"},{"taxonomy":"quellen","embeddable":true,"href":"https:\/\/meier-gerdingh.de\/wp-spd-ob\/wp-json\/wp\/v2\/quellen?post=12590"}],"curies":[{"name":"wp","href":"https:\/\/api.w.org\/{rel}","templated":true}]}}