{"id":12660,"date":"2025-08-03T20:17:57","date_gmt":"2025-08-03T18:17:57","guid":{"rendered":"https:\/\/meier-gerdingh.de\/wp-spd-ob\/?p=12660"},"modified":"2025-08-03T20:45:53","modified_gmt":"2025-08-03T18:45:53","slug":"neue-ampelanlage-an-der-duisburger-strasse","status":"publish","type":"post","link":"https:\/\/meier-gerdingh.de\/wp-spd-ob\/2025\/08\/03\/neue-ampelanlage-an-der-duisburger-strasse\/","title":{"rendered":"Neue Ampelanlage an der Duisburger Stra\u00dfe"},"content":{"rendered":"<div id=\"attachment_12658\" style=\"width: 710px\" class=\"wp-caption aligncenter\"><a href=\"https:\/\/meier-gerdingh.de\/wp-spd-ob\/wp-content\/uploads\/2025\/08\/ov-west-ampelanlage-duisburger-strasse.jpg\"><img aria-describedby=\"caption-attachment-12658\" decoding=\"async\" class=\"size-full wp-image-12658\" src=\"https:\/\/meier-gerdingh.de\/wp-spd-ob\/wp-content\/uploads\/2025\/08\/ov-west-ampelanlage-duisburger-strasse.jpg\" alt=\"\" width=\"700\" height=\"688\" srcset=\"https:\/\/meier-gerdingh.de\/wp-spd-ob\/wp-content\/uploads\/2025\/08\/ov-west-ampelanlage-duisburger-strasse.jpg 700w, https:\/\/meier-gerdingh.de\/wp-spd-ob\/wp-content\/uploads\/2025\/08\/ov-west-ampelanlage-duisburger-strasse-300x295.jpg 300w\" sizes=\"(max-width: 700px) 100vw, 700px\" \/><\/a><p id=\"caption-attachment-12658\" class=\"wp-caption-text\">Ampelanlage Duisburger Stra\u00dfe (Stadtverordneter Dietmar Look, Stadtverordnete Sonja Bongers MdL, Oberb\u00fcrgermeister-Kandidat Thorsten Berg, stv. Bezirksb\u00fcrgermeister Ralf Bohnes, v.l.n.r.) | Bildrechte: SPD-Ortsverein Oberhausen-West, Fotograf: privat<\/p><\/div>\n<p>An der Duisburger Stra\u00dfe, kurz vor dem Obermeidericher Bahnhof, ist auf Antrag der SPD-Fraktion in der Bezirksvertretung Alt-Oberhausen eine neue Fu\u00dfg\u00e4ngerampel in Betrieb genommen worden. In mehreren B\u00fcrgeranfragen wurde der SPD-Ortsverein Oberhausen-West zuvor darauf hingewiesen, dass die \u00dcberquerungssituation an der Duisburger Stra\u00dfe insbesondere f\u00fcr Kunden des dort ans\u00e4ssigen Discounters, der B\u00e4cker und Gastronomie auf der vielbefahrenen Stra\u00dfe gef\u00e4hrlich ist.<\/p>\n<p>Die zust\u00e4ndige Liricher Stadtverordnete Sonja Bongers und der stellvertretende Bezirksb\u00fcrgermeister Ralf Bohnes haben sich des Problems angenommen und eine Ampell\u00f6sung vorgeschlagen, die die Zustimmung der Verwaltung fand und nach einem entsprechenden Beschluss durch die Bezirksvertretung z\u00fcgig umgesetzt wurde.<!--more--><\/p>\n<p>Die Anlage ist Ende Juli in Betrieb genommen worden. Die Ampel wird von den Anwohnern seither rege genutzt, der Fahrzeugverkehr wird durch die relativ kurzen Schaltzeiten kaum beeintr\u00e4chtigt und selbst der dort vorher platzierte junge Baum musste nicht gef\u00e4llt werden, sondern konnte an eine andere Stelle umgesetzt werden.<\/p>\n","protected":false},"excerpt":{"rendered":"<p>An der Duisburger Stra\u00dfe, kurz vor dem Obermeidericher Bahnhof, ist auf Antrag der SPD-Fraktion in der Bezirksvertretung Alt-Oberhausen eine neue Fu\u00dfg\u00e4ngerampel in Betrieb genommen worden. In mehreren B\u00fcrgeranfragen wurde der&hellip; <\/p>\n","protected":false},"author":1,"featured_media":0,"comment_status":"closed","ping_status":"closed","sticky":false,"template":"","format":"standard","meta":{"footnotes":""},"categories":[3070,7,167],"tags":[4591,144,1347,3907,4449],"quellen":[335],"class_list":["post-12660","post","type-post","status-publish","format-standard","hentry","category-mobilitaet","category-sicherheit","category-stadtteile","tag-ampelanlage","tag-bezirksvertretung-alt-oberhausen","tag-duisburger-strasse","tag-obermeidericher-bahnhof","tag-verkehrssicherheit","quellen-ov-west"],"_links":{"self":[{"href":"https:\/\/meier-gerdingh.de\/wp-spd-ob\/wp-json\/wp\/v2\/posts\/12660","targetHints":{"allow":["GET"]}}],"collection":[{"href":"https:\/\/meier-gerdingh.de\/wp-spd-ob\/wp-json\/wp\/v2\/posts"}],"about":[{"href":"https:\/\/meier-gerdingh.de\/wp-spd-ob\/wp-json\/wp\/v2\/types\/post"}],"author":[{"embeddable":true,"href":"https:\/\/meier-gerdingh.de\/wp-spd-ob\/wp-json\/wp\/v2\/users\/1"}],"replies":[{"embeddable":true,"href":"https:\/\/meier-gerdingh.de\/wp-spd-ob\/wp-json\/wp\/v2\/comments?post=12660"}],"version-history":[{"count":0,"href":"https:\/\/meier-gerdingh.de\/wp-spd-ob\/wp-json\/wp\/v2\/posts\/12660\/revisions"}],"wp:attachment":[{"href":"https:\/\/meier-gerdingh.de\/wp-spd-ob\/wp-json\/wp\/v2\/media?parent=12660"}],"wp:term":[{"taxonomy":"category","embeddable":true,"href":"https:\/\/meier-gerdingh.de\/wp-spd-ob\/wp-json\/wp\/v2\/categories?post=12660"},{"taxonomy":"post_tag","embeddable":true,"href":"https:\/\/meier-gerdingh.de\/wp-spd-ob\/wp-json\/wp\/v2\/tags?post=12660"},{"taxonomy":"quellen","embeddable":true,"href":"https:\/\/meier-gerdingh.de\/wp-spd-ob\/wp-json\/wp\/v2\/quellen?post=12660"}],"curies":[{"name":"wp","href":"https:\/\/api.w.org\/{rel}","templated":true}]}}