{"id":12755,"date":"2025-08-06T12:51:37","date_gmt":"2025-08-06T10:51:37","guid":{"rendered":"https:\/\/meier-gerdingh.de\/wp-spd-ob\/?p=12755"},"modified":"2025-08-06T17:54:48","modified_gmt":"2025-08-06T15:54:48","slug":"thorsten-berg-im-gespraech-mit-baerbel-bas","status":"publish","type":"post","link":"https:\/\/meier-gerdingh.de\/wp-spd-ob\/2025\/08\/06\/thorsten-berg-im-gespraech-mit-baerbel-bas\/","title":{"rendered":"Thorsten Berg im Gespr\u00e4ch mit B\u00e4rbel Bas"},"content":{"rendered":"<p><a href=\"https:\/\/meier-gerdingh.de\/wp-spd-ob\/wp-content\/uploads\/2025\/08\/banner-thorstens-talk-im-turm-baerbel-bas-25-08-12.jpg\"><img decoding=\"async\" class=\"aligncenter size-full wp-image-12756\" src=\"https:\/\/meier-gerdingh.de\/wp-spd-ob\/wp-content\/uploads\/2025\/08\/banner-thorstens-talk-im-turm-baerbel-bas-25-08-12.jpg\" alt=\"\" width=\"700\" height=\"394\" srcset=\"https:\/\/meier-gerdingh.de\/wp-spd-ob\/wp-content\/uploads\/2025\/08\/banner-thorstens-talk-im-turm-baerbel-bas-25-08-12.jpg 700w, https:\/\/meier-gerdingh.de\/wp-spd-ob\/wp-content\/uploads\/2025\/08\/banner-thorstens-talk-im-turm-baerbel-bas-25-08-12-300x169.jpg 300w\" sizes=\"(max-width: 700px) 100vw, 700px\" \/><\/a>Am <strong>Dienstag, 12. August, um 18 Uhr, geht &#8222;Thorstens Talk im Turm&#8220; in die n\u00e4chste Runde<\/strong> \u2013 mit einer ganz besonderen Gespr\u00e4chspartnerin: <strong>Arbeits- und Sozialministerin B\u00e4rbel Bas<\/strong> kommt zu uns nach Oberhausen! Sie war nicht nur dritte weibliche Bundestagspr\u00e4sidentin, sondern ist seit vielen Jahren eine profilierte Stimme f\u00fcr soziale Gerechtigkeit und den demokratischen Zusammenhalt. Thorsten freut sich sehr auf den offenen Austausch mit unserer SPD-Vorsitzenden. B\u00e4rbel wei\u00df schlie\u00dflich sehr genau Bescheid, was Menschen in unruhigen Zeiten plagt. Das gilt nicht nur f\u00fcr den Arbeitsmarkt, sondern auch f\u00fcr die Rente.<\/p>\n<p>Wie schon beim Auftakt von &#8222;Thorstens Talk im Turm&#8220; \u00fcbernimmt erneut Genosse <strong>Heiko Blumenthal<\/strong> die Moderation. Und das k\u00f6nnte nicht besser passen: Als fr\u00fcherer Gesch\u00e4ftsf\u00fchrer der Oberhausener SPD-Ratsfraktion kennt Heiko nicht nur Thorsten und uns Oberhausener gut. Als Duisburger hat er auch mit B\u00e4rbel sehr lange in einem Unterbezirk gearbeitet. Wir erwarten daher einen sehr spannenden Abend!<\/p>\n<p>Der Eintritt ist wie immer frei. Alle Interessierten sind herzlich eingeladen \u2013 zum Zuh\u00f6ren, Mitdenken und Fragen stellen.<\/p>\n<p>Wichtig: Weil wir viele R\u00fcckmeldungen bekommen haben, ist eine <strong>Anmeldung per E-Mail<\/strong> f\u00fcr die bessere Planbarkeit unter <a href=\"mailto:team@thorstenberg-oberhausen.de\">team@thorstenberg-oberhausen.de<\/a> erw\u00fcnscht.<\/p>\n<div class='ajde_evcal_calendar eventon_single_event eventon_event evo_sin_box sev cev color esty_2' ><div class='evo-data'   data-ux_val='1' data-exturl='' data-mapscroll='true' data-mapformat='roadmap' data-mapzoom='16' ><\/div><div class='evo_cal_data' data-sc='{\"excerpt\":\"no\",\"expanded\":\"no\",\"ux_val\":1,\"exturl\":\"\",\"mapscroll\":\"true\",\"mapformat\":\"roadmap\",\"mapzoom\":\"16\",\"maps_load\":\"yes\"}'><\/div><div id='evcal_list' class='eventon_events_list '>Missing Event Data<\/div><\/div>\n","protected":false},"excerpt":{"rendered":"<p>Am Dienstag, 12. August, um 18 Uhr, geht &#8222;Thorstens Talk im Turm&#8220; in die n\u00e4chste Runde \u2013 mit einer ganz besonderen Gespr\u00e4chspartnerin: Arbeits- und Sozialministerin B\u00e4rbel Bas kommt zu uns&hellip; <\/p>\n","protected":false},"author":1,"featured_media":0,"comment_status":"closed","ping_status":"closed","sticky":false,"template":"","format":"standard","meta":{"footnotes":""},"categories":[171,178],"tags":[4585,4595,4593,4586,2300,4223,4596,251,299,4224,2453,4594,2323],"quellen":[327],"class_list":["post-12755","post","type-post","status-publish","format-standard","hentry","category-veranstaltungen","category-wahlen","tag-thorstens-talk-im-turm","tag-arbeits-und-sozialministerin","tag-baerbel-bas","tag-hauptbahnhof-oberhausen","tag-kitev","tag-kommunalwahl-2025","tag-kultur-im-turm-e-v","tag-ob-kandidat","tag-oberbuergermeister-kandidat","tag-spd-ob-kandidat","tag-spd-oberbuergermeisterkandidat","tag-spd-vorsitzende","tag-thorsten-berg","quellen-spd-unterbezirk-oberhausen"],"_links":{"self":[{"href":"https:\/\/meier-gerdingh.de\/wp-spd-ob\/wp-json\/wp\/v2\/posts\/12755","targetHints":{"allow":["GET"]}}],"collection":[{"href":"https:\/\/meier-gerdingh.de\/wp-spd-ob\/wp-json\/wp\/v2\/posts"}],"about":[{"href":"https:\/\/meier-gerdingh.de\/wp-spd-ob\/wp-json\/wp\/v2\/types\/post"}],"author":[{"embeddable":true,"href":"https:\/\/meier-gerdingh.de\/wp-spd-ob\/wp-json\/wp\/v2\/users\/1"}],"replies":[{"embeddable":true,"href":"https:\/\/meier-gerdingh.de\/wp-spd-ob\/wp-json\/wp\/v2\/comments?post=12755"}],"version-history":[{"count":0,"href":"https:\/\/meier-gerdingh.de\/wp-spd-ob\/wp-json\/wp\/v2\/posts\/12755\/revisions"}],"wp:attachment":[{"href":"https:\/\/meier-gerdingh.de\/wp-spd-ob\/wp-json\/wp\/v2\/media?parent=12755"}],"wp:term":[{"taxonomy":"category","embeddable":true,"href":"https:\/\/meier-gerdingh.de\/wp-spd-ob\/wp-json\/wp\/v2\/categories?post=12755"},{"taxonomy":"post_tag","embeddable":true,"href":"https:\/\/meier-gerdingh.de\/wp-spd-ob\/wp-json\/wp\/v2\/tags?post=12755"},{"taxonomy":"quellen","embeddable":true,"href":"https:\/\/meier-gerdingh.de\/wp-spd-ob\/wp-json\/wp\/v2\/quellen?post=12755"}],"curies":[{"name":"wp","href":"https:\/\/api.w.org\/{rel}","templated":true}]}}