{"id":128,"date":"2000-03-22T17:00:00","date_gmt":"2000-03-22T15:00:00","guid":{"rendered":"http:\/\/www.meier-gerdingh.de\/spd-oberhausen\/wp\/?p=128"},"modified":"2017-05-01T12:56:14","modified_gmt":"2017-05-01T10:56:14","slug":"land-gibt-700000-mark-fuer-neue-medien-in-schulen","status":"publish","type":"post","link":"https:\/\/meier-gerdingh.de\/wp-spd-ob\/2000\/03\/22\/land-gibt-700000-mark-fuer-neue-medien-in-schulen\/","title":{"rendered":"Land gibt 700.000&nbsp;Mark f\u00fcr neue Medien in Schulen"},"content":{"rendered":"<div style=\"width: 150px\" class=\"wp-caption alignleft\"><a href=\"http:\/\/meier-gerdingh.de\/wp-spd-ob\/wp-content\/uploads\/grosse_broemer_rede.jpg\"><img decoding=\"async\" class=\"size-full\" src=\"http:\/\/meier-gerdingh.de\/wp-spd-ob\/wp-content\/uploads\/grosse_broemer_rede.jpg\" alt=\"Wolfgang Gro\u00dfe Br\u00f6mer\" width=\"140\" height=\"186\" \/><\/a><p class=\"wp-caption-text\">Wolfgang Gro\u00dfe Br\u00f6mer<\/p><\/div>\n<p>In der Sitzung des Finanzausschusses am 20.03.00 wurde bekannt, dass das Land Nordrhein-Westfalen f\u00fcr den Einsatz neuer Medien an den Schulen rund 700.000\u00a0Mark f\u00fcr Oberhausen zur Verf\u00fcgung stellen wird. Diese sollen nach dem Willen der SPD-Fraktion zus\u00e4tzlich zu den bereits eingeplanten st\u00e4dtischen Mitteln verausgabt werden.<!--more--><\/p>\n<p>Mit den im st\u00e4dtischen Haushalt eingestellten Mitteln verf\u00fcgen wir dann \u00fcber mehr als 1\u00a0Million Mark f\u00fcr neue Technologien an unseren Schulen, kommentiert Wolfgang Gro\u00dfe Br\u00f6mer, stellvertretender Fraktionsvorsitzender und Landtagskandidat der SPD, die Entscheidung seiner Fraktion. Mit den Mitteln des Landes w\u00fcrden die vielf\u00e4ltigen Aktivit\u00e4ten der Stadt zur Ausstattung unserer Schulen unterst\u00fctzt.<\/p>\n<p>&#8222;Die Chancengleichheit f\u00fcr Sch\u00fclerinnen und Sch\u00fcler steht im Mittelpunkt unserer bildungspolitischen Bem\u00fchungen. Hierzu ist es von besonderer Bedeutung, dass neue Medien unabh\u00e4ngig vom Geldbeutel der Eltern f\u00fcr alle Kinder zug\u00e4nglich sind&#8220;, stellt Michael Groschek, Vorsitzender der SPD-Fraktion fest.<\/p>\n<p>Groschek weiter: &#8222;Oberhausen setzt damit Zeichen f\u00fcr eine moderne, an den Anforderungen des Arbeitsmarktes orientierte Ausbildung an unseren Schulen&#8220;.<\/p>\n<p>Die SPD-Fraktion k\u00fcndigte einen Antrag f\u00fcr die kommende Ratssitzung an, mit dem die Verwaltung beauftragt werden soll, die jetzt bewilligten Mittel zum fl\u00e4chendeckenden Einsatz neuer Medien an den Oberhausener Schulen zu verwenden. Insbesondere Grundschulen sollen mit neuen Medien ausgestattet werden.<\/p>\n","protected":false},"excerpt":{"rendered":"<p>In der Sitzung des Finanzausschusses am 20.03.00 wurde bekannt, dass das Land Nordrhein-Westfalen f\u00fcr den Einsatz neuer Medien an den Schulen rund 700.000\u00a0Mark f\u00fcr Oberhausen zur Verf\u00fcgung stellen wird. Diese&hellip; <\/p>\n","protected":false},"author":1,"featured_media":0,"comment_status":"closed","ping_status":"closed","sticky":false,"template":"","format":"standard","meta":{"footnotes":""},"categories":[1],"tags":[],"quellen":[],"class_list":["post-128","post","type-post","status-publish","format-standard","hentry","category-allgemein"],"_links":{"self":[{"href":"https:\/\/meier-gerdingh.de\/wp-spd-ob\/wp-json\/wp\/v2\/posts\/128","targetHints":{"allow":["GET"]}}],"collection":[{"href":"https:\/\/meier-gerdingh.de\/wp-spd-ob\/wp-json\/wp\/v2\/posts"}],"about":[{"href":"https:\/\/meier-gerdingh.de\/wp-spd-ob\/wp-json\/wp\/v2\/types\/post"}],"author":[{"embeddable":true,"href":"https:\/\/meier-gerdingh.de\/wp-spd-ob\/wp-json\/wp\/v2\/users\/1"}],"replies":[{"embeddable":true,"href":"https:\/\/meier-gerdingh.de\/wp-spd-ob\/wp-json\/wp\/v2\/comments?post=128"}],"version-history":[{"count":0,"href":"https:\/\/meier-gerdingh.de\/wp-spd-ob\/wp-json\/wp\/v2\/posts\/128\/revisions"}],"wp:attachment":[{"href":"https:\/\/meier-gerdingh.de\/wp-spd-ob\/wp-json\/wp\/v2\/media?parent=128"}],"wp:term":[{"taxonomy":"category","embeddable":true,"href":"https:\/\/meier-gerdingh.de\/wp-spd-ob\/wp-json\/wp\/v2\/categories?post=128"},{"taxonomy":"post_tag","embeddable":true,"href":"https:\/\/meier-gerdingh.de\/wp-spd-ob\/wp-json\/wp\/v2\/tags?post=128"},{"taxonomy":"quellen","embeddable":true,"href":"https:\/\/meier-gerdingh.de\/wp-spd-ob\/wp-json\/wp\/v2\/quellen?post=128"}],"curies":[{"name":"wp","href":"https:\/\/api.w.org\/{rel}","templated":true}]}}