{"id":12832,"date":"2025-08-10T12:21:48","date_gmt":"2025-08-10T10:21:48","guid":{"rendered":"https:\/\/meier-gerdingh.de\/wp-spd-ob\/?p=12832"},"modified":"2025-08-13T13:30:27","modified_gmt":"2025-08-13T11:30:27","slug":"unterwegs-mit-thorsten-berg","status":"publish","type":"post","link":"https:\/\/meier-gerdingh.de\/wp-spd-ob\/2025\/08\/10\/unterwegs-mit-thorsten-berg\/","title":{"rendered":"Unterwegs mit Thorsten Berg"},"content":{"rendered":"<p><a href=\"https:\/\/meier-gerdingh.de\/wp-spd-ob\/wp-content\/uploads\/2025\/08\/spd-ob-25-banner-thorstens-berg-wanderung-lg.jpg\"><img decoding=\"async\" class=\"aligncenter size-full wp-image-12837\" src=\"https:\/\/meier-gerdingh.de\/wp-spd-ob\/wp-content\/uploads\/2025\/08\/spd-ob-25-banner-thorstens-berg-wanderung.jpg\" alt=\"\" width=\"960\" height=\"540\" srcset=\"https:\/\/meier-gerdingh.de\/wp-spd-ob\/wp-content\/uploads\/2025\/08\/spd-ob-25-banner-thorstens-berg-wanderung.jpg 960w, https:\/\/meier-gerdingh.de\/wp-spd-ob\/wp-content\/uploads\/2025\/08\/spd-ob-25-banner-thorstens-berg-wanderung-300x169.jpg 300w\" sizes=\"(max-width: 960px) 100vw, 960px\" \/><\/a>&#8222;Beim Wandern erkennst du den Menschen.&#8220; Ganz im Sinne dieser alten Weisheit schwingt sich der OB-Kandidat der SPD, Thorsten Berg, am <strong>Samstag, 16. August<\/strong>, auf Schusters Rappen und erkundet Oberhausen auf einer Wanderung von Nord nach S\u00fcd. Vom Parkplatz der <strong>Halde Haniel<\/strong> aus f\u00fchrt die Tour \u00fcber gut 26 Kilometer <strong>bis zur Zeche Alstaden<\/strong>. An sieben Haltepunkten und entlang der Strecke beweist Thorsten Berg nicht nur gute Kondition, sondern auch <strong>stets ein offenes Ohr f\u00fcr die B\u00fcrgerinnen und B\u00fcrger<\/strong>. Wer Berg und sein Team auf der ganzen Tour oder auch nur auf einzelnen Etappen begleiten m\u00f6chte, ist herzlich eingeladen.<\/p>\n<p>&#8222;Politik muss zwar manchmal auch dahin gehen, wo es weh tut, doch ich hoffe weniger auf Schmerzen als vielmehr auf gute und offene Gespr\u00e4che entlang der Strecke oder an den Stationen&#8220;, erkl\u00e4rt der Spitzenkandidat der SPD.<!--more--><\/p>\n<h3 class=\"spd-ob-crossheading\">Die Berg-Tour im \u00dcberblick:<\/h3>\n<p><strong>Gesamtl\u00e4nge:<\/strong> Knapp 26 km.<\/p>\n<p><strong>Gesch\u00e4tzte Dauer<\/strong> inkl. Pausen: Ca. 10 Stunden.<\/p>\n<p>An jeder Station legt die Gruppe eine Pause ein und Thorsten Berg steht bereit f\u00fcr Gespr\u00e4che oder Fragen. Wer unterwegs dazusto\u00dfen m\u00f6chte: bei <a href=\"https:\/\/www.instagram.com\/thorsten.berg.oberhausen\/\">Instagram<\/a> wird es immer wieder Live-Updates von der Tour geben (<a href=\"https:\/\/www.instagram.com\/thorsten.berg.oberhausen\/\">@thorsten.berg.oberhausen<\/a>).<\/p>\n<p>Die <strong>Stationen<\/strong> und <strong>gesch\u00e4tzten Ankunftszeiten<\/strong> der &#8222;Berg-Tour&#8220; im \u00dcberblick:<\/p>\n<p><strong>08.15 Uhr:<\/strong><br \/>\nTreffpunkt auf dem Parkplatz Halde-Haniel (Kirchhellener Stra\u00dfe)<\/p>\n<p><strong>08.30 Uhr:<\/strong><br \/>\nStart<\/p>\n<p><strong>08.55 Uhr:<\/strong><br \/>\nTheodor-Spiering-Platz K\u00f6nigshardt<\/p>\n<p><strong>09.05 Uhr:<\/strong><br \/>\nKleine Pause<\/p>\n<p><strong>10.00 Uhr:<\/strong><br \/>\nMarktplatz Schmachtendorf<\/p>\n<p><strong>10.15 Uhr:<\/strong><br \/>\nKleine Pause\/Puffer f\u00fcr Gespr\u00e4che<\/p>\n<p><strong>11.15 Uhr:<\/strong><br \/>\nCenter-Point Sterkrade, Infostand OV Sterkrade-S\u00fcd<\/p>\n<p><strong>11.45 Uhr:<\/strong><br \/>\nKleine Pause\/Puffer f\u00fcr Gespr\u00e4che<\/p>\n<p><strong>12.45 Uhr:<\/strong><br \/>\nWappenplatz Osterfeld<\/p>\n<p><strong>13.00 Uhr:<\/strong><br \/>\nKleine Pause\/Puffer f\u00fcr Gespr\u00e4che<\/p>\n<p><strong>14.45 Uhr:<\/strong><br \/>\nRadio Radtke, unterwegs 30 Minuten Kanalpause\/Puffer<\/p>\n<p><strong>15.35 Uhr:<\/strong><br \/>\nUerige, hier Snack- und Bierpause bis ca. 16.20 Uhr<\/p>\n<p><strong>17.10 Uhr:<\/strong><br \/>\nCaf\u00e9 Frida, hier Getr\u00e4nkepause vor der Schlussetappe bis 17.40 Uhr<\/p>\n<p><strong>18.15 Uhr:<\/strong><br \/>\nEndpunkt Zeche Alstaden, Abschluss am Gourmet-Mobil von &#8222;La Conchiglia&#8220;<\/p>\n<p><strong>Thorsten Berg und sein Team laden hiermit alle interessierten Oberhausenerinnen und Oberhausener herzlich ein, ihn am Samstag ein St\u00fcck des Weges zu begleiten:<\/strong><\/p>\n<blockquote><p>Liebe Mitb\u00fcrgerinnen und Mitb\u00fcrger,<\/p>\n<p>wie sagt man so sch\u00f6n?<\/p>\n<p>Ein Wahlkampf ist kein Sprint, sondern ein Marathon. Da ist viel Wahres dran. Aber manchmal, ja manchmal ist ein Wahlkampf sogar eine Wanderung. Und im allerbesten Fall eine Wanderung durch unsere sch\u00f6ne Heimatstadt, durch Oberhausen.<\/p>\n<p><strong>Zu einer solchen Wanderung m\u00f6chte ich Sie herzlich einladen. Einmal vom Oberhausener Norden in den S\u00fcden. 25,6 Kilometer Oberhausen pur.<\/strong><\/p>\n<p>Mein Ziel: Ich m\u00f6chte zeigen, dass ich mir f\u00fcr die Zukunft Oberhausens im wahrsten Sinne des Wortes die Schuhsohlen ablaufe. Dass ich jederzeit ansprechbar bin. Und dass ich ein Oberb\u00fcrgermeister sein werde, der sich f\u00fcr nichts zu schade ist \u2013 und der da ist, wo die Menschen sind!<\/p>\n<p>Lange Rede kurzer Sinn: Am <strong>Samstag, 16. August<\/strong> m\u00f6chte ich Sie mitnehmen auf eine Tour quer durch unser Oberhausen. Niemand muss von Anfang an dabei sein, schon gar nicht die komplette Strecke mit mir laufen.<\/p>\n<p>Aber ich freue mich, wenn mein Team und ich auf jedem Teilst\u00fcck dieses Weges ein paar von Ihnen dabei h\u00e4tten. Hierf\u00fcr werde ich \u00fcber Instagram \u00fcber den Tag hinweg Updates geben (Instagram: <a href=\"https:\/\/www.instagram.com\/thorsten.berg.oberhausen\">@thorsten.berg.oberhausen<\/a>).<\/p>\n<p>Zwischendurch werde ich auf meiner &#8222;Berg-Wanderung\u201c immer wieder Halt machen, um mit Menschen ins Gespr\u00e4ch zu kommen.<\/p>\n<p>Die genaue Route finden Sie oben. Melden Sie sich bei R\u00fcckfragen gerne unter <a href=\"mailto:team@thorstenberg-oberhausen.de\">team@thorstenberg-oberhausen.de<\/a>.<\/p>\n<p>Also: Der Berg ruft \u2013 sind Sie dabei?<\/p>\n<p>Beste Gr\u00fc\u00dfe<\/p>\n<p><strong>Ihr Thorsten Berg<\/strong><\/p><\/blockquote>\n<div class='ajde_evcal_calendar eventon_single_event eventon_event evo_sin_box sev cev color esty_2' ><div class='evo-data'   data-ux_val='1' data-exturl='' data-mapscroll='true' data-mapformat='roadmap' data-mapzoom='16' ><\/div><div class='evo_cal_data' data-sc='{\"excerpt\":\"no\",\"expanded\":\"no\",\"ux_val\":1,\"exturl\":\"\",\"mapscroll\":\"true\",\"mapformat\":\"roadmap\",\"mapzoom\":\"16\",\"maps_load\":\"yes\"}'><\/div><div id='evcal_list' class='eventon_events_list '>Missing Event Data<\/div><\/div>\n","protected":false},"excerpt":{"rendered":"<p>&#8222;Beim Wandern erkennst du den Menschen.&#8220; Ganz im Sinne dieser alten Weisheit schwingt sich der OB-Kandidat der SPD, Thorsten Berg, am Samstag, 16. August, auf Schusters Rappen und erkundet Oberhausen&hellip; <\/p>\n","protected":false},"author":1,"featured_media":0,"comment_status":"closed","ping_status":"closed","sticky":false,"template":"","format":"standard","meta":{"footnotes":""},"categories":[171,178],"tags":[4597,4223,251,299,4224,2453,2323],"quellen":[327],"class_list":["post-12832","post","type-post","status-publish","format-standard","hentry","category-veranstaltungen","category-wahlen","tag-berg-tour","tag-kommunalwahl-2025","tag-ob-kandidat","tag-oberbuergermeister-kandidat","tag-spd-ob-kandidat","tag-spd-oberbuergermeisterkandidat","tag-thorsten-berg","quellen-spd-unterbezirk-oberhausen"],"_links":{"self":[{"href":"https:\/\/meier-gerdingh.de\/wp-spd-ob\/wp-json\/wp\/v2\/posts\/12832","targetHints":{"allow":["GET"]}}],"collection":[{"href":"https:\/\/meier-gerdingh.de\/wp-spd-ob\/wp-json\/wp\/v2\/posts"}],"about":[{"href":"https:\/\/meier-gerdingh.de\/wp-spd-ob\/wp-json\/wp\/v2\/types\/post"}],"author":[{"embeddable":true,"href":"https:\/\/meier-gerdingh.de\/wp-spd-ob\/wp-json\/wp\/v2\/users\/1"}],"replies":[{"embeddable":true,"href":"https:\/\/meier-gerdingh.de\/wp-spd-ob\/wp-json\/wp\/v2\/comments?post=12832"}],"version-history":[{"count":0,"href":"https:\/\/meier-gerdingh.de\/wp-spd-ob\/wp-json\/wp\/v2\/posts\/12832\/revisions"}],"wp:attachment":[{"href":"https:\/\/meier-gerdingh.de\/wp-spd-ob\/wp-json\/wp\/v2\/media?parent=12832"}],"wp:term":[{"taxonomy":"category","embeddable":true,"href":"https:\/\/meier-gerdingh.de\/wp-spd-ob\/wp-json\/wp\/v2\/categories?post=12832"},{"taxonomy":"post_tag","embeddable":true,"href":"https:\/\/meier-gerdingh.de\/wp-spd-ob\/wp-json\/wp\/v2\/tags?post=12832"},{"taxonomy":"quellen","embeddable":true,"href":"https:\/\/meier-gerdingh.de\/wp-spd-ob\/wp-json\/wp\/v2\/quellen?post=12832"}],"curies":[{"name":"wp","href":"https:\/\/api.w.org\/{rel}","templated":true}]}}