{"id":12833,"date":"2025-08-09T20:09:28","date_gmt":"2025-08-09T18:09:28","guid":{"rendered":"https:\/\/meier-gerdingh.de\/wp-spd-ob\/?p=12833"},"modified":"2025-08-09T21:27:47","modified_gmt":"2025-08-09T19:27:47","slug":"sofortwahlstellen-geoeffnet-briefwahl-startet","status":"publish","type":"post","link":"https:\/\/meier-gerdingh.de\/wp-spd-ob\/2025\/08\/09\/sofortwahlstellen-geoeffnet-briefwahl-startet\/","title":{"rendered":"Sofortwahlstellen ge\u00f6ffnet, Briefwahl startet"},"content":{"rendered":"<p>Sie haben am 14.&nbsp;September keine Zeit oder etwas anderes vor? Kein Problem! Sie k\u00f6nnen auch jetzt schon w\u00e4hlen. In den drei <strong>Sofortwahlstellen<\/strong> in Alt-Oberhausen, Sterkrade und Osterfeld. Oder bequem von Zuhause per <strong>Briefwahl<\/strong>.<\/p>\n<h3 class=\"spd-ob-crossheading\">Sofortwahlstellen Oberhausen<\/h3>\n<p style=\"margin-bottom: 60px !important;\">Die Sofortwahlstellen sind von <strong>Montag, 11. \u00c1ugust 2025, bis Freitag, 12. August 2025,<\/strong> ge\u00f6ffnet:<\/p>\n<p><a href=\"https:\/\/meier-gerdingh.de\/wp-spd-ob\/wp-content\/uploads\/2025\/02\/r-700-rathaus-alt-oberhausen-DSC_2981.jpg\"><img decoding=\"async\" src=\"https:\/\/meier-gerdingh.de\/wp-spd-ob\/wp-content\/uploads\/2025\/02\/r-700-rathaus-alt-oberhausen-DSC_2981.jpg\" alt=\"\" width=\"700\" height=\"200\" class=\"aligncenter size-full wp-image-12273\" srcset=\"https:\/\/meier-gerdingh.de\/wp-spd-ob\/wp-content\/uploads\/2025\/02\/r-700-rathaus-alt-oberhausen-DSC_2981.jpg 700w, https:\/\/meier-gerdingh.de\/wp-spd-ob\/wp-content\/uploads\/2025\/02\/r-700-rathaus-alt-oberhausen-DSC_2981-300x86.jpg 300w\" sizes=\"(max-width: 700px) 100vw, 700px\" \/><\/a><br \/>\n<strong>ALT-OBERHAUSEN (ab Samstag, 08.02.2025):<\/strong><br \/>\nRathaus Oberhausen<br \/>\nEingang Arkaden<br \/>\nSchwartzstra\u00dfe 72<br \/>\n46045 Oberhausen<\/p>\n<div class=\"spd-ob-sofortwahl-zeiten\" style=\"margin-bottom: 60px;\"><strong>MO &#8211; MI<\/strong>&nbsp;&nbsp;|&nbsp;&nbsp;<strong>08.00 &#8211; 16.00 Uhr<\/strong><br \/>\n<strong>DO<\/strong>&nbsp;&nbsp;|&nbsp;&nbsp;<strong>08.00 &#8211; 18.00 Uhr<\/strong><br \/>\n<strong>FR<\/strong>&nbsp;&nbsp;|&nbsp;&nbsp;<strong>08.00 &#8211; 12.00 Uhr (am 12.09.2025 bis 15.00 Uhr)<\/strong><\/div>\n<p><a href=\"https:\/\/meier-gerdingh.de\/wp-spd-ob\/wp-content\/uploads\/2025\/02\/r-700-technisches-rathaus-sterkrade-DSC_1632.jpg\"><img decoding=\"async\" src=\"https:\/\/meier-gerdingh.de\/wp-spd-ob\/wp-content\/uploads\/2025\/02\/r-700-technisches-rathaus-sterkrade-DSC_1632.jpg\" alt=\"\" width=\"700\" height=\"200\" class=\"aligncenter size-full wp-image-12275\" srcset=\"https:\/\/meier-gerdingh.de\/wp-spd-ob\/wp-content\/uploads\/2025\/02\/r-700-technisches-rathaus-sterkrade-DSC_1632.jpg 700w, https:\/\/meier-gerdingh.de\/wp-spd-ob\/wp-content\/uploads\/2025\/02\/r-700-technisches-rathaus-sterkrade-DSC_1632-300x86.jpg 300w\" sizes=\"(max-width: 700px) 100vw, 700px\" \/><\/a><br \/>\n<strong>STERKRADE:<\/strong><br \/>\nTechnisches Rathaus<br \/>\nGeb\u00e4ude C, Eingangsbereich Foyer<br \/>\nBahnhofstra\u00dfe 66<br \/>\n46145 Oberhausen<\/p>\n<div class=\"spd-ob-sofortwahl-zeiten\" style=\"margin-bottom: 60px;\"><strong>MO &#8211; MI<\/strong>&nbsp;&nbsp;|&nbsp;&nbsp;<strong>08.00 &#8211; 16.00 Uhr<\/strong><br \/>\n<strong>DO<\/strong>&nbsp;&nbsp;|&nbsp;&nbsp;<strong>08.00 &#8211; 18.00 Uhr<\/strong><br \/>\n<strong>FR<\/strong>&nbsp;&nbsp;|&nbsp;&nbsp;<strong>08.00 &#8211; 12.00 Uhr (am 12.09.2025 bis 15.00 Uhr)<\/strong><br \/>\n<strong>SA<\/strong>&nbsp;&nbsp;|&nbsp;&nbsp;<strong>09.00 &#8211; 13.00 Uhr (bis einschl. 06.09.2025)<\/strong><\/div>\n<p><a href=\"https:\/\/meier-gerdingh.de\/wp-spd-ob\/wp-content\/uploads\/2025\/02\/r-700-rathaus-osterfeld-DSC_2784.jpg\"><img decoding=\"async\" src=\"https:\/\/meier-gerdingh.de\/wp-spd-ob\/wp-content\/uploads\/2025\/02\/r-700-rathaus-osterfeld-DSC_2784.jpg\" alt=\"\" width=\"700\" height=\"200\" class=\"aligncenter size-full wp-image-12274\" srcset=\"https:\/\/meier-gerdingh.de\/wp-spd-ob\/wp-content\/uploads\/2025\/02\/r-700-rathaus-osterfeld-DSC_2784.jpg 700w, https:\/\/meier-gerdingh.de\/wp-spd-ob\/wp-content\/uploads\/2025\/02\/r-700-rathaus-osterfeld-DSC_2784-300x86.jpg 300w\" sizes=\"(max-width: 700px) 100vw, 700px\" \/><\/a><br \/>\n<strong>OSTERFELD:<\/strong><br \/>\nRathaus Osterfeld<br \/>\nZimmer 18<br \/>\nBottroper Stra\u00dfe 183<br \/>\n46117 Oberhausen<\/p>\n<div class=\"spd-ob-sofortwahl-zeiten\" style=\"margin-bottom: 60px;\"><strong>MO &#8211; MI<\/strong>&nbsp;&nbsp;|&nbsp;&nbsp;<strong>08.00 &#8211; 16.00 Uhr<\/strong><br \/>\n<strong>DO<\/strong>&nbsp;&nbsp;|&nbsp;&nbsp;<strong>08.00 &#8211; 18.00 Uhr<\/strong><br \/>\n<strong>FR<\/strong>&nbsp;&nbsp;|&nbsp;&nbsp;<strong>08.00 &#8211; 12.00 Uhr (am 12.09.2025 bis 15.00 Uhr)<\/strong><\/div>\n<h3 class=\"spd-ob-crossheading\">Briefwahl Oberhausen<\/h3>\n<p>F\u00fcr die <strong>Briefwahl<\/strong> ben\u00f6tigen Sie Briefwahlunterlagen, die Sie beim Fachbereich Wahlen (&#8222;Wahlamt bzw. Wahlangelegenheiten&#8220;) der Stadt Oberhausen anfordern k\u00f6nnen. Normalerweise tun Sie das mit dem <strong>Antrag<\/strong>, der auf der R\u00fcckseite der <strong>Wahlbenachrichtigung<\/strong> aufgedruckt ist oder mit dem dort aufgedruckten <strong>QR-Code<\/strong>. Die Wahlbenachrichtigungen f\u00fcr die Kommunalwahl am 14.09.2025 (sowie f\u00fcr die m\u00f6gliche Oberb\u00fcrgermeister-Stichwahl) werden <strong>ab Montag, 04.08.2025,<\/strong> verschickt. Der Fachbereich Wahlen weist darauf hin, dass allen Wahlberechtigten <strong>bis sp\u00e4testens 24.08.2025<\/strong> diese Wahlbenachrichtigung zugestellt sein muss.<\/p>\n<p>Der ausgef\u00fcllte und pers\u00f6nlich unterschriebene Antrag ist an den Fachbereich Wahlen zur\u00fcckzusenden.<\/p>\n<p><strong>PER POST:<\/strong><br \/>\nStadt Oberhausen<br \/>\nFachbereich Wahlen<br \/>\nSchwartzstr. 73 (ehemaliges Zinkwei\u00df-Geb\u00e4ude)<br \/>\n46045 Oberhausen<\/p>\n<p><strong>DURCH EINWURF IN DEN BRIEFKASTEN:<\/strong><br \/>\nAdresse wie oben.<\/p>\n<p><strong>PER FAX:<\/strong><br \/>\n0208 825 33 77<\/p>\n<p><strong>PER E-MAIL:<\/strong><br \/>\n<a href=\"mailto:briefwahl@oberhausen.de\" target=\"_blank\" rel=\"noopener\">briefwahl@oberhausen.de<\/a><\/p>\n<p>Der Wahlbrief sollte so rechtzeitig versendet werden, dass er <strong>sp\u00e4testens am Wahltag um 16.00 Uhr<\/strong> beim Fachbereich Wahlen eingeht. Der Wahlbrief kann dort auch pers\u00f6nlich abgegeben werden.<\/p>\n","protected":false},"excerpt":{"rendered":"<p>Sie haben am 14.&nbsp;September keine Zeit oder etwas anderes vor? Kein Problem! Sie k\u00f6nnen auch jetzt schon w\u00e4hlen. In den drei Sofortwahlstellen in Alt-Oberhausen, Sterkrade und Osterfeld. Oder bequem von&hellip; <\/p>\n","protected":false},"author":1,"featured_media":0,"comment_status":"closed","ping_status":"closed","sticky":false,"template":"","format":"standard","meta":{"footnotes":""},"categories":[178],"tags":[1242,4223,1241,1243],"quellen":[327],"class_list":["post-12833","post","type-post","status-publish","format-standard","hentry","category-wahlen","tag-briefwahl","tag-kommunalwahl-2025","tag-sofortwahl","tag-sofortwahlstellen","quellen-spd-unterbezirk-oberhausen"],"_links":{"self":[{"href":"https:\/\/meier-gerdingh.de\/wp-spd-ob\/wp-json\/wp\/v2\/posts\/12833","targetHints":{"allow":["GET"]}}],"collection":[{"href":"https:\/\/meier-gerdingh.de\/wp-spd-ob\/wp-json\/wp\/v2\/posts"}],"about":[{"href":"https:\/\/meier-gerdingh.de\/wp-spd-ob\/wp-json\/wp\/v2\/types\/post"}],"author":[{"embeddable":true,"href":"https:\/\/meier-gerdingh.de\/wp-spd-ob\/wp-json\/wp\/v2\/users\/1"}],"replies":[{"embeddable":true,"href":"https:\/\/meier-gerdingh.de\/wp-spd-ob\/wp-json\/wp\/v2\/comments?post=12833"}],"version-history":[{"count":0,"href":"https:\/\/meier-gerdingh.de\/wp-spd-ob\/wp-json\/wp\/v2\/posts\/12833\/revisions"}],"wp:attachment":[{"href":"https:\/\/meier-gerdingh.de\/wp-spd-ob\/wp-json\/wp\/v2\/media?parent=12833"}],"wp:term":[{"taxonomy":"category","embeddable":true,"href":"https:\/\/meier-gerdingh.de\/wp-spd-ob\/wp-json\/wp\/v2\/categories?post=12833"},{"taxonomy":"post_tag","embeddable":true,"href":"https:\/\/meier-gerdingh.de\/wp-spd-ob\/wp-json\/wp\/v2\/tags?post=12833"},{"taxonomy":"quellen","embeddable":true,"href":"https:\/\/meier-gerdingh.de\/wp-spd-ob\/wp-json\/wp\/v2\/quellen?post=12833"}],"curies":[{"name":"wp","href":"https:\/\/api.w.org\/{rel}","templated":true}]}}