{"id":12853,"date":"2025-08-12T12:34:03","date_gmt":"2025-08-12T10:34:03","guid":{"rendered":"https:\/\/meier-gerdingh.de\/wp-spd-ob\/?p=12853"},"modified":"2025-08-13T13:28:59","modified_gmt":"2025-08-13T11:28:59","slug":"thorsten-berg-laedt-ein-zur-stadtrundfahrt-der-chancen","status":"publish","type":"post","link":"https:\/\/meier-gerdingh.de\/wp-spd-ob\/2025\/08\/12\/thorsten-berg-laedt-ein-zur-stadtrundfahrt-der-chancen\/","title":{"rendered":"Thorsten Berg l\u00e4dt ein zur Stadtrundfahrt der Chancen"},"content":{"rendered":"<p><a href=\"https:\/\/meier-gerdingh.de\/wp-spd-ob\/wp-content\/uploads\/2025\/08\/banner-thorstens-bus-tour-lg.jpg\"><img decoding=\"async\" class=\"aligncenter size-full wp-image-12851\" src=\"https:\/\/meier-gerdingh.de\/wp-spd-ob\/wp-content\/uploads\/2025\/08\/banner-thorstens-bus-tour.jpg\" alt=\"\" width=\"960\" height=\"540\" srcset=\"https:\/\/meier-gerdingh.de\/wp-spd-ob\/wp-content\/uploads\/2025\/08\/banner-thorstens-bus-tour.jpg 960w, https:\/\/meier-gerdingh.de\/wp-spd-ob\/wp-content\/uploads\/2025\/08\/banner-thorstens-bus-tour-300x169.jpg 300w\" sizes=\"(max-width: 960px) 100vw, 960px\" \/><\/a>SPD-Spitzenkandidat Thorsten Berg l\u00e4dt B\u00fcrgerinnen und B\u00fcrger zu einer <strong>lokalpolitischen Stadtrundfahrt<\/strong> mit dem Bus am <strong>18. August<\/strong> ein. Wo Oberhausen in den vergangenen zehn Jahren Chancen nicht genutzt hat, kommt dabei genauso zur Sprache wie die L\u00f6sungsans\u00e4tze Bergs und der SPD. Los geht es am <strong>kommenden Montag um 16 Uhr mit dem Bus ab dem Rathaus<\/strong>, wo die Tour auch nach etwa drei Stunden wieder enden wird.<\/p>\n<div id=\"attachment_12854\" style=\"width: 250px\" class=\"wp-caption alignleft\"><a href=\"https:\/\/meier-gerdingh.de\/wp-spd-ob\/wp-content\/uploads\/2025\/08\/spd-ob-25-thorsten-berg-portrait-25-08-lg.jpg\"><img aria-describedby=\"caption-attachment-12854\" decoding=\"async\" class=\"size-full wp-image-12854\" src=\"https:\/\/meier-gerdingh.de\/wp-spd-ob\/wp-content\/uploads\/2025\/08\/spd-ob-25-thorsten-berg-portrait-25-08.jpg\" alt=\"\" width=\"240\" height=\"360\" srcset=\"https:\/\/meier-gerdingh.de\/wp-spd-ob\/wp-content\/uploads\/2025\/08\/spd-ob-25-thorsten-berg-portrait-25-08.jpg 240w, https:\/\/meier-gerdingh.de\/wp-spd-ob\/wp-content\/uploads\/2025\/08\/spd-ob-25-thorsten-berg-portrait-25-08-200x300.jpg 200w\" sizes=\"(max-width: 240px) 100vw, 240px\" \/><\/a><p id=\"caption-attachment-12854\" class=\"wp-caption-text\">Thorsten Berg ist der Oberb\u00fcrgermeister-Kandidat der Oberhausener SPD f\u00fcr die Kommunalwahl am 14. September<\/p><\/div>\n<p>&#8222;Es gibt viel zu tun in Oberhausen. Es wurde viel Vertrauen verspielt und die Stadt ist unter ihren M\u00f6glichkeiten geblieben. Das zeigt die Unzufriedenheit der B\u00fcrgerinnen und B\u00fcrger ebenso wie die nahezu durchweg schlechten Resultate f\u00fcr unsere Stadt bei diversen Wirtschaftsrankings&#8220;, erkl\u00e4rt OB-Kandidat Berg. &#8222;Wer Oberhausen ver\u00e4ndern und wieder zur Stadt der Chancen machen will, muss die Fehlentwicklungen der vergangenen zehn Jahre offen und ehrlich ansprechen. Doch Kritik allein ist nat\u00fcrlich keine L\u00f6sung. Es braucht auch endlich neue Ideen und mehr Tatkraft&#8220;, so Berg. &#8222;Oberhausen muss seine Macher-Mentalit\u00e4t zur\u00fcckgewinnen.&#8220;<!--more--><\/p>\n<p>Auf gut 30 Kilometern geht es vom Rathaus durch Lirich und das Knappenviertel \u00fcber das Stahlwerksgel\u00e4nde nach Sterkrade und Osterfeld und schlie\u00dflich wieder zur\u00fcck. An mehreren Haltpunkten wie etwa am Brammenring und am Neumarkt sowie entlang der Strecke erfahren die G\u00e4ste, was in Oberhausen falsch l\u00e4uft und welche Impulse Thorsten Berg als Oberb\u00fcrgermeister setzen will \u2013 damit Oberhausen wieder zur Stadt der Chancen wird.<\/p>\n<p>Da die Anzahl der Pl\u00e4tze im Bus begrenzt ist, gibt es ein kleines politisches Gewinnspiel: Wer mitfahren m\u00f6chte, schreibt in einer <strong>Mail an<\/strong> <a href=\"mailto:team@thorstenberg-oberhausen.de\">team@thorstenberg-oberhausen.de<\/a> in einem Satz, was getan werden muss, damit Oberhausen wieder zur Stadt der Chancen wird und ist mit etwas Gl\u00fcck auf der Tour dabei.<\/p>\n<div class='ajde_evcal_calendar eventon_single_event eventon_event evo_sin_box sev cev color esty_2' ><div class='evo-data'   data-ux_val='1' data-exturl='' data-mapscroll='true' data-mapformat='roadmap' data-mapzoom='16' ><\/div><div class='evo_cal_data' data-sc='{\"excerpt\":\"no\",\"expanded\":\"no\",\"ux_val\":1,\"exturl\":\"\",\"mapscroll\":\"true\",\"mapformat\":\"roadmap\",\"mapzoom\":\"16\",\"maps_load\":\"yes\"}'><\/div><div id='evcal_list' class='eventon_events_list '>Missing Event Data<\/div><\/div>\n","protected":false},"excerpt":{"rendered":"<p>SPD-Spitzenkandidat Thorsten Berg l\u00e4dt B\u00fcrgerinnen und B\u00fcrger zu einer lokalpolitischen Stadtrundfahrt mit dem Bus am 18. August ein. Wo Oberhausen in den vergangenen zehn Jahren Chancen nicht genutzt hat, kommt&hellip; <\/p>\n","protected":false},"author":1,"featured_media":0,"comment_status":"closed","ping_status":"closed","sticky":false,"template":"","format":"standard","meta":{"footnotes":""},"categories":[171,178],"tags":[4223,251,299,4224,2453,4599,1268,2323],"quellen":[327],"class_list":["post-12853","post","type-post","status-publish","format-standard","hentry","category-veranstaltungen","category-wahlen","tag-kommunalwahl-2025","tag-ob-kandidat","tag-oberbuergermeister-kandidat","tag-spd-ob-kandidat","tag-spd-oberbuergermeisterkandidat","tag-stadt-der-chancen","tag-stadtrundfahrt","tag-thorsten-berg","quellen-spd-unterbezirk-oberhausen"],"_links":{"self":[{"href":"https:\/\/meier-gerdingh.de\/wp-spd-ob\/wp-json\/wp\/v2\/posts\/12853","targetHints":{"allow":["GET"]}}],"collection":[{"href":"https:\/\/meier-gerdingh.de\/wp-spd-ob\/wp-json\/wp\/v2\/posts"}],"about":[{"href":"https:\/\/meier-gerdingh.de\/wp-spd-ob\/wp-json\/wp\/v2\/types\/post"}],"author":[{"embeddable":true,"href":"https:\/\/meier-gerdingh.de\/wp-spd-ob\/wp-json\/wp\/v2\/users\/1"}],"replies":[{"embeddable":true,"href":"https:\/\/meier-gerdingh.de\/wp-spd-ob\/wp-json\/wp\/v2\/comments?post=12853"}],"version-history":[{"count":0,"href":"https:\/\/meier-gerdingh.de\/wp-spd-ob\/wp-json\/wp\/v2\/posts\/12853\/revisions"}],"wp:attachment":[{"href":"https:\/\/meier-gerdingh.de\/wp-spd-ob\/wp-json\/wp\/v2\/media?parent=12853"}],"wp:term":[{"taxonomy":"category","embeddable":true,"href":"https:\/\/meier-gerdingh.de\/wp-spd-ob\/wp-json\/wp\/v2\/categories?post=12853"},{"taxonomy":"post_tag","embeddable":true,"href":"https:\/\/meier-gerdingh.de\/wp-spd-ob\/wp-json\/wp\/v2\/tags?post=12853"},{"taxonomy":"quellen","embeddable":true,"href":"https:\/\/meier-gerdingh.de\/wp-spd-ob\/wp-json\/wp\/v2\/quellen?post=12853"}],"curies":[{"name":"wp","href":"https:\/\/api.w.org\/{rel}","templated":true}]}}