{"id":12864,"date":"2025-08-10T10:22:42","date_gmt":"2025-08-10T08:22:42","guid":{"rendered":"https:\/\/meier-gerdingh.de\/wp-spd-ob\/?p=12864"},"modified":"2025-08-14T23:18:23","modified_gmt":"2025-08-14T21:18:23","slug":"12864","status":"publish","type":"post","link":"https:\/\/meier-gerdingh.de\/wp-spd-ob\/2025\/08\/10\/12864\/","title":{"rendered":"Zukunft der Industrie in Oberhausen im Fokus"},"content":{"rendered":"<div id=\"attachment_12857\" style=\"width: 710px\" class=\"wp-caption aligncenter\"><a href=\"https:\/\/meier-gerdingh.de\/wp-spd-ob\/wp-content\/uploads\/2025\/08\/thorsten-berg-freddy-cordes-oxea-25-08-lg.jpg\"><img aria-describedby=\"caption-attachment-12857\" decoding=\"async\" class=\"size-full wp-image-12857\" src=\"https:\/\/meier-gerdingh.de\/wp-spd-ob\/wp-content\/uploads\/2025\/08\/thorsten-berg-freddy-cordes-oxea-25-08.jpg\" alt=\"\" width=\"700\" height=\"490\" srcset=\"https:\/\/meier-gerdingh.de\/wp-spd-ob\/wp-content\/uploads\/2025\/08\/thorsten-berg-freddy-cordes-oxea-25-08.jpg 700w, https:\/\/meier-gerdingh.de\/wp-spd-ob\/wp-content\/uploads\/2025\/08\/thorsten-berg-freddy-cordes-oxea-25-08-300x210.jpg 300w, https:\/\/meier-gerdingh.de\/wp-spd-ob\/wp-content\/uploads\/2025\/08\/thorsten-berg-freddy-cordes-oxea-25-08-330x230.jpg 330w, https:\/\/meier-gerdingh.de\/wp-spd-ob\/wp-content\/uploads\/2025\/08\/thorsten-berg-freddy-cordes-oxea-25-08-462x322.jpg 462w\" sizes=\"(max-width: 700px) 100vw, 700px\" \/><\/a><p id=\"caption-attachment-12857\" class=\"wp-caption-text\">V.l.: Laura Lihr (Gesamtbetriebsratsvorsitzende OXEA), Thorsten Berg, Michael Adamzik (Betriebsratsvorsitzender OXEA Werk Ruhrchemie), Dennis Lotz, Thomas Frese (Stellvertretender Betriebsratsvorsitzender Ruhrchemie und stellvertretender Gesamtbetriebsratsvorsitzender OXEA), MdL Freddy Cordes | Bildnachweis: Julia Meya<\/p><\/div>\n<p>Der Oberb\u00fcrgermeisterkandidat f\u00fcr Oberhausen Thorsten Berg (SPD) und der Landtagsabgeordnete Frederick Cordes (SPD) haben sich mit Vertreter*innen des Betriebsrats der OXEA am Werk Ruhrchemie zu einem intensiven Austausch getroffen. Nach einer gemeinsamen Betriebsbegehung und einem Rundgang \u00fcber das Werksgel\u00e4nde folgte ein konstruktives Gespr\u00e4ch mit Michael Adamzik (Betriebsratsvorsitzender OXEA Werk Ruhrchemie), Thomas Frese (Stellvertretender Betriebsratsvorsitzender Ruhrchemie und stellvertretender Gesamtbetriebsratsvorsitzender OXEA) sowie Laura Lihr (Gesamtbetriebsratsvorsitzende OXEA). Im Mittelpunkt des Dialogs stand die Zukunft des Industriestandortes Oberhausen.<\/p>\n<p>Thorsten Berg betonte: &#8222;Oberhausen ist die Stadt der Chancen. Damit diese genutzt werden, brauchen wir tarifgebundene Arbeitspl\u00e4tze und eine starke Interessenvertretung der Besch\u00e4ftigten vor Ort. Als Oberb\u00fcrgermeister werde ich immer ein offenes Ohr f\u00fcr die Anliegen der Arbeitnehmerinnen und Arbeitnehmer haben.&#8220;<!--more--><\/p>\n<p>Der Landtagsabgeordnete Frederick Cordes machte deutlich, welche politischen Weichenstellungen jetzt auf Landes- und Bundesebene notwendig sind: &#8222;Die chemische Industrie ist auf wettbewerbsf\u00e4hige Energiepreise, weniger B\u00fcrokratie und moderne Infrastruktur angewiesen. Hier muss investiert werden, damit Arbeits- und Ausbildungspl\u00e4tze erhalten bleiben und neue entstehen k\u00f6nnen.&#8220;<\/p>\n<p>Der Betriebsratsvorsitzende Michael Adamzik stellte die Bedeutung des Standortes und der Ausbildung junger Menschen in den Mittelpunkt: &#8222;Am Standort Ruhrchemie werden vielf\u00e4ltige Ausbildungswege in technischen, naturwissenschaftlichen und kaufm\u00e4nnischen Bereichen angeboten. Klare politische Rahmenbedingungen, verl\u00e4ssliche Unterst\u00fctzung bei Investitionen und eine robuste Ausbildungsoffensive k\u00f6nnen die Wettbewerbsf\u00e4higkeit der chemischen Industrie st\u00e4rken \u2013 dabei sind die jungen Menschen stets im Blick zu behalten.&#8220;<\/p>\n<p>Alle Beteiligten w\u00fcrdigten die vertrauensvolle und offene Atmosph\u00e4re des Gespr\u00e4chs und vereinbarten, weiterhin im engen Austausch zu bleiben.<\/p>\n","protected":false},"excerpt":{"rendered":"<p>Der Oberb\u00fcrgermeisterkandidat f\u00fcr Oberhausen Thorsten Berg (SPD) und der Landtagsabgeordnete Frederick Cordes (SPD) haben sich mit Vertreter*innen des Betriebsrats der OXEA am Werk Ruhrchemie zu einem intensiven Austausch getroffen. Nach&hellip; <\/p>\n","protected":false},"author":1,"featured_media":0,"comment_status":"closed","ping_status":"closed","sticky":false,"template":"","format":"standard","meta":{"footnotes":""},"categories":[174,311],"tags":[34,760,4601,4602,4603,269,4223,251,299,519,521,4224,2453,2323],"quellen":[327],"class_list":["post-12864","post","type-post","status-publish","format-standard","hentry","category-arbeit-und-soziales","category-wirtschaft","tag-arbeitsplaetze","tag-ausbildung","tag-betriebsbesuch","tag-chemische-industrie","tag-industriestandort-oberhausen","tag-investitionen","tag-kommunalwahl-2025","tag-ob-kandidat","tag-oberbuergermeister-kandidat","tag-oxea","tag-ruhrchemie","tag-spd-ob-kandidat","tag-spd-oberbuergermeisterkandidat","tag-thorsten-berg","quellen-spd-unterbezirk-oberhausen"],"_links":{"self":[{"href":"https:\/\/meier-gerdingh.de\/wp-spd-ob\/wp-json\/wp\/v2\/posts\/12864","targetHints":{"allow":["GET"]}}],"collection":[{"href":"https:\/\/meier-gerdingh.de\/wp-spd-ob\/wp-json\/wp\/v2\/posts"}],"about":[{"href":"https:\/\/meier-gerdingh.de\/wp-spd-ob\/wp-json\/wp\/v2\/types\/post"}],"author":[{"embeddable":true,"href":"https:\/\/meier-gerdingh.de\/wp-spd-ob\/wp-json\/wp\/v2\/users\/1"}],"replies":[{"embeddable":true,"href":"https:\/\/meier-gerdingh.de\/wp-spd-ob\/wp-json\/wp\/v2\/comments?post=12864"}],"version-history":[{"count":0,"href":"https:\/\/meier-gerdingh.de\/wp-spd-ob\/wp-json\/wp\/v2\/posts\/12864\/revisions"}],"wp:attachment":[{"href":"https:\/\/meier-gerdingh.de\/wp-spd-ob\/wp-json\/wp\/v2\/media?parent=12864"}],"wp:term":[{"taxonomy":"category","embeddable":true,"href":"https:\/\/meier-gerdingh.de\/wp-spd-ob\/wp-json\/wp\/v2\/categories?post=12864"},{"taxonomy":"post_tag","embeddable":true,"href":"https:\/\/meier-gerdingh.de\/wp-spd-ob\/wp-json\/wp\/v2\/tags?post=12864"},{"taxonomy":"quellen","embeddable":true,"href":"https:\/\/meier-gerdingh.de\/wp-spd-ob\/wp-json\/wp\/v2\/quellen?post=12864"}],"curies":[{"name":"wp","href":"https:\/\/api.w.org\/{rel}","templated":true}]}}