{"id":12871,"date":"2025-08-14T11:43:09","date_gmt":"2025-08-14T09:43:09","guid":{"rendered":"https:\/\/meier-gerdingh.de\/wp-spd-ob\/?p=12871"},"modified":"2025-08-14T12:45:30","modified_gmt":"2025-08-14T10:45:30","slug":"kraftvoller-start-fuer-mehr-teilhabe-gesundheit-in-oberhausen","status":"publish","type":"post","link":"https:\/\/meier-gerdingh.de\/wp-spd-ob\/2025\/08\/14\/kraftvoller-start-fuer-mehr-teilhabe-gesundheit-in-oberhausen\/","title":{"rendered":"Kraftvoller Start f\u00fcr mehr Teilhabe &#038; Gesundheit in Oberhausen!"},"content":{"rendered":"<div id=\"attachment_12869\" style=\"width: 710px\" class=\"wp-caption aligncenter\"><a href=\"https:\/\/meier-gerdingh.de\/wp-spd-ob\/wp-content\/uploads\/2025\/08\/gruendung-ag-selbst-aktiv-ag-gesundheit-lg.jpg\"><img aria-describedby=\"caption-attachment-12869\" decoding=\"async\" class=\"size-full wp-image-12869\" src=\"https:\/\/meier-gerdingh.de\/wp-spd-ob\/wp-content\/uploads\/2025\/08\/gruendung-ag-selbst-aktiv-ag-gesundheit.jpg\" alt=\"\" width=\"700\" height=\"843\" srcset=\"https:\/\/meier-gerdingh.de\/wp-spd-ob\/wp-content\/uploads\/2025\/08\/gruendung-ag-selbst-aktiv-ag-gesundheit.jpg 700w, https:\/\/meier-gerdingh.de\/wp-spd-ob\/wp-content\/uploads\/2025\/08\/gruendung-ag-selbst-aktiv-ag-gesundheit-249x300.jpg 249w\" sizes=\"(max-width: 700px) 100vw, 700px\" \/><\/a><p id=\"caption-attachment-12869\" class=\"wp-caption-text\">Thomas Hassa (Vorsitzender AG Gesundheit), Karl-Heinz M\u00fcller (Stellv. UB-Vorsitzender), Nicole Kopp-Czech (Vorsitzende AG Selbst Aktiv) und SPD-OB-Kandidat Thorsten Berg<\/p><\/div>\n<p>Heute haben wir in der SPD Oberhausen die Arbeitsgemeinschaften Selbst Aktiv und Gesundheit gegr\u00fcndet. Ein wichtiger Schritt, um Inklusion voranzubringen und die Gesundheitsversorgung bei uns vor Ort zu st\u00e4rken. Danke an alle Genoss*innen, die trotz der Hitze dabei waren und diesen Auftakt m\u00f6glich gemacht haben!<\/p>\n<p>Die gew\u00e4hlten <strong>Vorst\u00e4nde<\/strong>:<\/p>\n<p><strong>AG Selbst Aktiv \u2013 Menschen mit Behinderungen in der SPD<\/strong><br \/>\n1. Vorsitzende: <strong>Nicole Kopp-Czech<\/strong><br \/>\n2. Vorsitzender: Thomas Hassa<\/p>\n<p><strong>AG Gesundheit<\/strong><br \/>\n1. Vorsitzender: <strong>Thomas Hassa<\/strong><br \/>\n2. Vorsitzende: Nicole Kopp-Czech<\/p>\n<p>Besonders gefreut hat uns die Unterst\u00fctzung unseres Oberb\u00fcrgermeister&shy;kandidaten Thorsten Berg, der vor Ort war und unsere Arbeit tatkr\u00e4ftig begleitet. Au\u00dferdem hat uns Karl-Heinz M\u00fcller (UB Vorstand) viel Erfolg f\u00fcr unsere AGs gew\u00fcnscht.<!--more--><\/p>\n<h3 class=\"spd-ob-crossheading\">Worum geht\u2019s uns?<\/h3>\n<p>In der AG Selbst Aktiv setzen wir uns f\u00fcr echte Barrierefreiheit, selbstbestimmte Teilhabe und eine Stadt ein, in der alle Menschen mitgedacht werden.<\/p>\n<p>Die AG Gesundheit nimmt Themen wie wohnortnahe Versorgung, Pr\u00e4vention, Pflege, mentale Gesundheit und faire Arbeitsbedingungen im Gesundheitswesen in den Blick.<\/p>\n","protected":false},"excerpt":{"rendered":"<p>Heute haben wir in der SPD Oberhausen die Arbeitsgemeinschaften Selbst Aktiv und Gesundheit gegr\u00fcndet. Ein wichtiger Schritt, um Inklusion voranzubringen und die Gesundheitsversorgung bei uns vor Ort zu st\u00e4rken. Danke&hellip; <\/p>\n","protected":false},"author":1,"featured_media":0,"comment_status":"closed","ping_status":"closed","sticky":false,"template":"","format":"standard","meta":{"footnotes":""},"categories":[297,589],"tags":[4607,4606,4608],"quellen":[4605,4604,327],"class_list":["post-12871","post","type-post","status-publish","format-standard","hentry","category-gesundheit","category-inklusion","tag-ag-gesundheit","tag-ag-selbst-aktiv","tag-spd-arbeitsgemeinschaften","quellen-ag-gesundheit","quellen-ag-selbst-aktiv","quellen-spd-unterbezirk-oberhausen"],"_links":{"self":[{"href":"https:\/\/meier-gerdingh.de\/wp-spd-ob\/wp-json\/wp\/v2\/posts\/12871","targetHints":{"allow":["GET"]}}],"collection":[{"href":"https:\/\/meier-gerdingh.de\/wp-spd-ob\/wp-json\/wp\/v2\/posts"}],"about":[{"href":"https:\/\/meier-gerdingh.de\/wp-spd-ob\/wp-json\/wp\/v2\/types\/post"}],"author":[{"embeddable":true,"href":"https:\/\/meier-gerdingh.de\/wp-spd-ob\/wp-json\/wp\/v2\/users\/1"}],"replies":[{"embeddable":true,"href":"https:\/\/meier-gerdingh.de\/wp-spd-ob\/wp-json\/wp\/v2\/comments?post=12871"}],"version-history":[{"count":0,"href":"https:\/\/meier-gerdingh.de\/wp-spd-ob\/wp-json\/wp\/v2\/posts\/12871\/revisions"}],"wp:attachment":[{"href":"https:\/\/meier-gerdingh.de\/wp-spd-ob\/wp-json\/wp\/v2\/media?parent=12871"}],"wp:term":[{"taxonomy":"category","embeddable":true,"href":"https:\/\/meier-gerdingh.de\/wp-spd-ob\/wp-json\/wp\/v2\/categories?post=12871"},{"taxonomy":"post_tag","embeddable":true,"href":"https:\/\/meier-gerdingh.de\/wp-spd-ob\/wp-json\/wp\/v2\/tags?post=12871"},{"taxonomy":"quellen","embeddable":true,"href":"https:\/\/meier-gerdingh.de\/wp-spd-ob\/wp-json\/wp\/v2\/quellen?post=12871"}],"curies":[{"name":"wp","href":"https:\/\/api.w.org\/{rel}","templated":true}]}}