{"id":12980,"date":"2025-08-22T14:36:30","date_gmt":"2025-08-22T12:36:30","guid":{"rendered":"https:\/\/meier-gerdingh.de\/wp-spd-ob\/?p=12980"},"modified":"2025-08-22T14:52:02","modified_gmt":"2025-08-22T12:52:02","slug":"verleumdungen-statt-ideen-fuer-die-zukunft-unserer-stadt","status":"publish","type":"post","link":"https:\/\/meier-gerdingh.de\/wp-spd-ob\/2025\/08\/22\/verleumdungen-statt-ideen-fuer-die-zukunft-unserer-stadt\/","title":{"rendered":"Verleumdungen statt Ideen f\u00fcr die Zukunft unserer Stadt"},"content":{"rendered":"<p>Mit gro\u00dfer Irritation nimmt die SPD Oberhausen die j\u00fcngsten Vorw\u00fcrfe gegen ihren Ratskandidaten Metehan G\u00fcnd\u00fcz zur Kenntnis. Grundlage sind haltlose Anschuldigungen, die von dem Vorsitzenden der Jungen Union, Nunzio Cavallo, erhoben wurden und die geeignet sind, die pers\u00f6nliche und berufliche Zukunft eines jungen Lehramtsanw\u00e4rters zu gef\u00e4hrden.<\/p>\n<p>Metehan G\u00fcnd\u00fcz hat sich politisch nie etwas zuschulden kommen lassen. Er steht mit beiden F\u00fc\u00dfen fest auf dem Boden des Grundgesetzes und tritt seit Jahren klar f\u00fcr Demokratie, Vielfalt und Menschenrechte ein. Der Versuch, durch konstruierte Symboldeutungen und suggestive Unterstellungen seine Integrit\u00e4t in Frage zu stellen, ist nicht nur durchsichtig, sondern auch verantwortungslos.<!--more--><\/p>\n<p>Die Einleitung rechtlicher Schritte wird zurzeit gepr\u00fcft. Auch Polizeibeamte mit CDU-Parteibuch haben sich an Recht und Gesetz zu halten.<\/p>\n<p>Die SPD Oberhausen fordert den Oberb\u00fcrgermeister und CDU-Mitglied Daniel Schranz auf, klar Stellung zu beziehen: H\u00e4lt er solche Methoden f\u00fcr akzeptabel oder distanziert er sich deutlich von diesem Versuch, die demokratische Kultur in unserer Stadt zu besch\u00e4digen?<\/p>\n<p>F\u00fcr die SPD ist klar: Demokratie lebt von fairer Debatte, nicht von Verleumdung. Wer auf unsachliche Anschuldigungen setzt, zeigt vor allem eins: Angst vor einem offenen Wettbewerb der Ideen.<\/p>\n","protected":false},"excerpt":{"rendered":"<p>Mit gro\u00dfer Irritation nimmt die SPD Oberhausen die j\u00fcngsten Vorw\u00fcrfe gegen ihren Ratskandidaten Metehan G\u00fcnd\u00fcz zur Kenntnis. Grundlage sind haltlose Anschuldigungen, die von dem Vorsitzenden der Jungen Union, Nunzio Cavallo,&hellip; <\/p>\n","protected":false},"author":1,"featured_media":0,"comment_status":"closed","ping_status":"closed","sticky":false,"template":"","format":"standard","meta":{"footnotes":""},"categories":[2169,178],"tags":[4621,4620,4619,4617,4422,4622,4618,1112],"quellen":[327],"class_list":["post-12980","post","type-post","status-publish","format-standard","hentry","category-personalien","category-wahlen","tag-cdu-oberhausen","tag-daniels-schranz","tag-junge-union-oberhausen","tag-kommunalwahlkampf","tag-kommunalwahlkampf-2025","tag-metehan-guenduez","tag-ratskandidaten","tag-wahlkampf","quellen-spd-unterbezirk-oberhausen"],"_links":{"self":[{"href":"https:\/\/meier-gerdingh.de\/wp-spd-ob\/wp-json\/wp\/v2\/posts\/12980","targetHints":{"allow":["GET"]}}],"collection":[{"href":"https:\/\/meier-gerdingh.de\/wp-spd-ob\/wp-json\/wp\/v2\/posts"}],"about":[{"href":"https:\/\/meier-gerdingh.de\/wp-spd-ob\/wp-json\/wp\/v2\/types\/post"}],"author":[{"embeddable":true,"href":"https:\/\/meier-gerdingh.de\/wp-spd-ob\/wp-json\/wp\/v2\/users\/1"}],"replies":[{"embeddable":true,"href":"https:\/\/meier-gerdingh.de\/wp-spd-ob\/wp-json\/wp\/v2\/comments?post=12980"}],"version-history":[{"count":0,"href":"https:\/\/meier-gerdingh.de\/wp-spd-ob\/wp-json\/wp\/v2\/posts\/12980\/revisions"}],"wp:attachment":[{"href":"https:\/\/meier-gerdingh.de\/wp-spd-ob\/wp-json\/wp\/v2\/media?parent=12980"}],"wp:term":[{"taxonomy":"category","embeddable":true,"href":"https:\/\/meier-gerdingh.de\/wp-spd-ob\/wp-json\/wp\/v2\/categories?post=12980"},{"taxonomy":"post_tag","embeddable":true,"href":"https:\/\/meier-gerdingh.de\/wp-spd-ob\/wp-json\/wp\/v2\/tags?post=12980"},{"taxonomy":"quellen","embeddable":true,"href":"https:\/\/meier-gerdingh.de\/wp-spd-ob\/wp-json\/wp\/v2\/quellen?post=12980"}],"curies":[{"name":"wp","href":"https:\/\/api.w.org\/{rel}","templated":true}]}}