{"id":12989,"date":"2025-08-25T17:19:34","date_gmt":"2025-08-25T15:19:34","guid":{"rendered":"https:\/\/meier-gerdingh.de\/wp-spd-ob\/?p=12989"},"modified":"2025-08-25T20:34:25","modified_gmt":"2025-08-25T18:34:25","slug":"wache-schliesst-spd-fordert-kompensation","status":"publish","type":"post","link":"https:\/\/meier-gerdingh.de\/wp-spd-ob\/2025\/08\/25\/wache-schliesst-spd-fordert-kompensation\/","title":{"rendered":"Wache schlie\u00dft, SPD fordert Kompensation"},"content":{"rendered":"<div id=\"attachment_5396\" style=\"width: 190px\" class=\"wp-caption alignleft\"><a href=\"https:\/\/meier-gerdingh.de\/wp-spd-ob\/wp-content\/uploads\/2018\/07\/14_flore_manfred_1000.jpg\"><img aria-describedby=\"caption-attachment-5396\" decoding=\"async\" class=\"size-full wp-image-5396\" src=\"https:\/\/meier-gerdingh.de\/wp-spd-ob\/wp-content\/uploads\/2018\/07\/14_flore_manfred.jpg\" alt=\"\" width=\"180\" height=\"180\" srcset=\"https:\/\/meier-gerdingh.de\/wp-spd-ob\/wp-content\/uploads\/2018\/07\/14_flore_manfred.jpg 180w, https:\/\/meier-gerdingh.de\/wp-spd-ob\/wp-content\/uploads\/2018\/07\/14_flore_manfred-150x150.jpg 150w\" sizes=\"(max-width: 180px) 100vw, 180px\" \/><\/a><p id=\"caption-attachment-5396\" class=\"wp-caption-text\">Manfred Flore ist B\u00fcrgermeister der Stadt Oberhausen<\/p><\/div>\n<p>Aufseiten der SPD trifft die pl\u00f6tzliche und unangek\u00fcndigte Schlie\u00dfung der traditionsreichen Polizeiwache am Friedensplatz und der damit verbundene Umzug des Fuhrparks zum alten Babcock-Gel\u00e4nde auf Unverst\u00e4ndnis. &#8222;Diese Entscheidung kommt nicht nur f\u00fcr die B\u00fcrgerinnen und B\u00fcrger, sondern auch f\u00fcr die Kommunalpolitik v\u00f6llig \u00fcberraschend&#8220;, erkl\u00e4rt B\u00fcrgermeister Manfred Flore. Die Entscheidung wirke sich gewiss negativ auf das Sicherheitsgef\u00fchl der Anwohnerinnen und Anwohner vor allem im zentralen Teil von Alt-Oberhausen rund um die Markstra\u00dfe aus.<\/p>\n<p>OB-Kandidat Thorsten Berg fordert, die Sicherheit in der City und das Sicherheitsgef\u00fchl der Menschen durch mehr Polizeikr\u00e4fte an der &#8222;Kommunalen Anlaufstelle&#8220; auf der Marktstra\u00dfe zu st\u00e4rken. Konkret schl\u00e4gt Berg die st\u00e4ndige Pr\u00e4senz eines Polizeifahrzeugs mit Besatzung auf der Marktstra\u00dfe vor. Die SPD-Vertreter im Polizeibeirat werden in der kommenden Sitzung diese Forderung auf jeden Fall zur Diskussion stellen.<\/p>\n","protected":false},"excerpt":{"rendered":"<p>Aufseiten der SPD trifft die pl\u00f6tzliche und unangek\u00fcndigte Schlie\u00dfung der traditionsreichen Polizeiwache am Friedensplatz und der damit verbundene Umzug des Fuhrparks zum alten Babcock-Gel\u00e4nde auf Unverst\u00e4ndnis. &#8222;Diese Entscheidung kommt nicht&hellip; <\/p>\n","protected":false},"author":1,"featured_media":0,"comment_status":"closed","ping_status":"closed","sticky":false,"template":"","format":"standard","meta":{"footnotes":""},"categories":[7],"tags":[1082,6,498,501,4625,4626],"quellen":[327],"class_list":["post-12989","post","type-post","status-publish","format-standard","hentry","category-sicherheit","tag-marktstrasse","tag-polizei","tag-polizei-oberhausen","tag-polizeipraesidium-oberhausen","tag-polizeiwache-friedensplatz","tag-umzug-polizeiwache-oberhausen","quellen-spd-unterbezirk-oberhausen"],"_links":{"self":[{"href":"https:\/\/meier-gerdingh.de\/wp-spd-ob\/wp-json\/wp\/v2\/posts\/12989","targetHints":{"allow":["GET"]}}],"collection":[{"href":"https:\/\/meier-gerdingh.de\/wp-spd-ob\/wp-json\/wp\/v2\/posts"}],"about":[{"href":"https:\/\/meier-gerdingh.de\/wp-spd-ob\/wp-json\/wp\/v2\/types\/post"}],"author":[{"embeddable":true,"href":"https:\/\/meier-gerdingh.de\/wp-spd-ob\/wp-json\/wp\/v2\/users\/1"}],"replies":[{"embeddable":true,"href":"https:\/\/meier-gerdingh.de\/wp-spd-ob\/wp-json\/wp\/v2\/comments?post=12989"}],"version-history":[{"count":0,"href":"https:\/\/meier-gerdingh.de\/wp-spd-ob\/wp-json\/wp\/v2\/posts\/12989\/revisions"}],"wp:attachment":[{"href":"https:\/\/meier-gerdingh.de\/wp-spd-ob\/wp-json\/wp\/v2\/media?parent=12989"}],"wp:term":[{"taxonomy":"category","embeddable":true,"href":"https:\/\/meier-gerdingh.de\/wp-spd-ob\/wp-json\/wp\/v2\/categories?post=12989"},{"taxonomy":"post_tag","embeddable":true,"href":"https:\/\/meier-gerdingh.de\/wp-spd-ob\/wp-json\/wp\/v2\/tags?post=12989"},{"taxonomy":"quellen","embeddable":true,"href":"https:\/\/meier-gerdingh.de\/wp-spd-ob\/wp-json\/wp\/v2\/quellen?post=12989"}],"curies":[{"name":"wp","href":"https:\/\/api.w.org\/{rel}","templated":true}]}}