{"id":12995,"date":"2025-08-29T15:22:29","date_gmt":"2025-08-29T13:22:29","guid":{"rendered":"https:\/\/meier-gerdingh.de\/wp-spd-ob\/?p=12995"},"modified":"2025-08-29T15:23:47","modified_gmt":"2025-08-29T13:23:47","slug":"spd-warnt-vor-verkehrsinfarkt","status":"publish","type":"post","link":"https:\/\/meier-gerdingh.de\/wp-spd-ob\/2025\/08\/29\/spd-warnt-vor-verkehrsinfarkt\/","title":{"rendered":"SPD warnt vor Verkehrsinfarkt"},"content":{"rendered":"<div id=\"attachment_12854\" style=\"width: 250px\" class=\"wp-caption alignleft\"><a href=\"https:\/\/meier-gerdingh.de\/wp-spd-ob\/wp-content\/uploads\/2025\/08\/spd-ob-25-thorsten-berg-portrait-25-08-lg.jpg\"><img aria-describedby=\"caption-attachment-12854\" decoding=\"async\" class=\"size-full wp-image-12854\" src=\"https:\/\/meier-gerdingh.de\/wp-spd-ob\/wp-content\/uploads\/2025\/08\/spd-ob-25-thorsten-berg-portrait-25-08.jpg\" alt=\"\" width=\"240\" height=\"360\" srcset=\"https:\/\/meier-gerdingh.de\/wp-spd-ob\/wp-content\/uploads\/2025\/08\/spd-ob-25-thorsten-berg-portrait-25-08.jpg 240w, https:\/\/meier-gerdingh.de\/wp-spd-ob\/wp-content\/uploads\/2025\/08\/spd-ob-25-thorsten-berg-portrait-25-08-200x300.jpg 200w\" sizes=\"(max-width: 240px) 100vw, 240px\" \/><\/a><p id=\"caption-attachment-12854\" class=\"wp-caption-text\">Thorsten Berg ist der Oberb\u00fcrgermeister-Kandidat der Oberhausener SPD f\u00fcr die Kommunalwahl am 14. September<\/p><\/div>\n<p>Dass Oberhausen eine staugeplagte Stadt ist, erfahren die Menschen hier jeden Tag, egal, ob sie mit dem Auto, dem \u00d6PNV oder dem Rad unterwegs sind. Vor allem die Nord-S\u00fcd-Verbindungen, die \u00fcber den Rhein-Herne-Kanal f\u00fchren, erweisen sich immer wieder als Nadel\u00f6hr, da es nur wenige von diesen Verbindungen gibt.<\/p>\n<p>Die SPD-Ratsfraktion hat sich nun intensiv mit den &#8222;Gro\u00dfbaustellen&#8220; befasst, die in den n\u00e4chsten Jahren anstehen. Besonderes Augenmerk legten die Politikerinnen und Politiker dabei auf die &#8222;Blaue Br\u00fccke&#8220;, die als Teil der Trasse \u00fcber den Kanal f\u00fchrt und damit ein ganz zentraler Baustein f\u00fcr den \u00d6PNV zwischen Sterkrade, Neuer Mitte und Alt-Oberhausen ist. Wie die WAZ am 18. Juli berichtete, ist ein Neubau der mittlerweile maroden Br\u00fccke f\u00fcr 2028 geplant, neun Monate Bauzeit sind vorgesehen.<\/p>\n<p>Dies wird immense Auswirkungen auf den \u00f6ffentlichen Nahverkehr in Oberhausen haben: In der Bauzeit m\u00fcssen Busse \u00fcber innerst\u00e4dtische Stra\u00dfen vom Hauptbahnhof zum Bahnhof Sterkrade umgeleitet werden. Die \u00d6PNV-Trasse wird gesperrt, noch mehr Staus und Verkehrsbehinderungen sind damit vorprogrammiert.<!--more--><\/p>\n<p>Doch es kommt f\u00fcr den innerst\u00e4dtischen Verkehr noch schlimmer, denn dies wird nicht die einzige Gro\u00dfbaustelle in dieser Zeit sein: 2028 soll ebenfalls der Abriss und Neubau der Kanalbr\u00fccke Ulmenstra\u00dfe in Lirich starten, die Bauzeit soll etwa zwei Jahre betragen, der Verkehr \u00fcber die Buschhausener Stra\u00dfe gef\u00fchrt werden.<\/p>\n<p>Damit nicht genug, schon im kommenden Jahr wird der Neubau der Eisenbahn\u00fcberf\u00fchrung Osterfelder Stra\u00dfe angegangen. Aktuell geht die Bahn bei dem n\u00f6rdlichen Bauwerk von einem Baubeginn im Juli 2026 aus. Baubeginn f\u00fcr die s\u00fcdliche Br\u00fccke ist voraussichtlich 2029. Der Verkehr wird in dieser Zeit \u00fcber die Wittekind- und Waghalsstra\u00dfe umgeleitet. Der Abschluss der Gesamtma\u00dfnahme soll 2031 erfolgen.<\/p>\n<p>Drei zeitgleiche Gro\u00dfbaustellen in Oberhausen: Das hat die Planungspolitikerinnen und -politiker der SPD ziemlich fassungslos zur\u00fcckgelassen. &#8222;Wir steuern sehenden Auges auf den n\u00e4chsten Verkehrsinfarkt zu&#8220;, bilanziert der OB-Kandidat der SPD, Thorsten Berg. &#8222;Da stellt sich nat\u00fcrlich auch die Frage, ob das der Stadtspitze \u00fcberhaupt bekannt ist und wenn ja, was man zu tun gedenkt. Hat der Oberb\u00fcrgermeister schon mal das Gespr\u00e4ch mit dem Wasser- und Schifffahrtsamt gesucht, um die Situation durch zeitliche Verlegungen der Br\u00fcckenbauma\u00dfnahmen zumindest ein wenig zu entzerren?&#8220;<\/p>\n<p>F\u00fcr die SPD im Rat kann es nur eine L\u00f6sung geben: Die Bauma\u00dfnahme in Lirich muss deutlich nach hinten geschoben werden, damit zumindest zwei Nord-S\u00fcd-Verbindungen halbwegs staufrei genutzt werden k\u00f6nnen. &#8222;F\u00fcr die B\u00fcrgerinnen und B\u00fcrger, die zahlreichen Berufspendler und unsere Handwerksbetriebe, die mit ihren Leuten dann bald im Stau stehen, statt Geld zu verdienen, m\u00fcssen wir unbedingt eine befriedigende L\u00f6sung finden&#8220;, erkl\u00e4rt Silke Wilts, planungspolitische Sprecherin der SPD-Fraktion.<\/p>\n","protected":false},"excerpt":{"rendered":"<p>Dass Oberhausen eine staugeplagte Stadt ist, erfahren die Menschen hier jeden Tag, egal, ob sie mit dem Auto, dem \u00d6PNV oder dem Rad unterwegs sind. Vor allem die Nord-S\u00fcd-Verbindungen, die&hellip; <\/p>\n","protected":false},"author":1,"featured_media":0,"comment_status":"closed","ping_status":"closed","sticky":false,"template":"","format":"standard","meta":{"footnotes":""},"categories":[3070,27],"tags":[4634,2473,4631,4635,3884,4630,4580,2518,4633,4629,1299,4632,1963,55,4362,4579,4636],"quellen":[326],"class_list":["post-12995","post","type-post","status-publish","format-standard","hentry","category-mobilitaet","category-planen-bauen-wohnen-verkehr","tag-ak-planung","tag-baustellen","tag-blaue-bruecke","tag-brueckenbaumassnahmen","tag-brueckenbaustellen","tag-brueckenerneuerung","tag-buschhausener-strasse","tag-dauerstau","tag-eisenbahnueberfuehrung-osterfelder-strasse","tag-grossbaustellen","tag-kanalbruecke-ulmenstrasse","tag-nord-sued-verbindungen","tag-oeffentlicher-nahverkehr","tag-oepnv","tag-stau","tag-verkehrsbehinderungen","tag-verkehrsinfarkt","quellen-spd-fraktion-oberhausen"],"_links":{"self":[{"href":"https:\/\/meier-gerdingh.de\/wp-spd-ob\/wp-json\/wp\/v2\/posts\/12995","targetHints":{"allow":["GET"]}}],"collection":[{"href":"https:\/\/meier-gerdingh.de\/wp-spd-ob\/wp-json\/wp\/v2\/posts"}],"about":[{"href":"https:\/\/meier-gerdingh.de\/wp-spd-ob\/wp-json\/wp\/v2\/types\/post"}],"author":[{"embeddable":true,"href":"https:\/\/meier-gerdingh.de\/wp-spd-ob\/wp-json\/wp\/v2\/users\/1"}],"replies":[{"embeddable":true,"href":"https:\/\/meier-gerdingh.de\/wp-spd-ob\/wp-json\/wp\/v2\/comments?post=12995"}],"version-history":[{"count":0,"href":"https:\/\/meier-gerdingh.de\/wp-spd-ob\/wp-json\/wp\/v2\/posts\/12995\/revisions"}],"wp:attachment":[{"href":"https:\/\/meier-gerdingh.de\/wp-spd-ob\/wp-json\/wp\/v2\/media?parent=12995"}],"wp:term":[{"taxonomy":"category","embeddable":true,"href":"https:\/\/meier-gerdingh.de\/wp-spd-ob\/wp-json\/wp\/v2\/categories?post=12995"},{"taxonomy":"post_tag","embeddable":true,"href":"https:\/\/meier-gerdingh.de\/wp-spd-ob\/wp-json\/wp\/v2\/tags?post=12995"},{"taxonomy":"quellen","embeddable":true,"href":"https:\/\/meier-gerdingh.de\/wp-spd-ob\/wp-json\/wp\/v2\/quellen?post=12995"}],"curies":[{"name":"wp","href":"https:\/\/api.w.org\/{rel}","templated":true}]}}