{"id":130,"date":"2000-03-29T16:00:00","date_gmt":"2000-03-29T14:00:00","guid":{"rendered":"http:\/\/www.meier-gerdingh.de\/spd-oberhausen\/wp\/?p=130"},"modified":"2017-05-01T12:55:19","modified_gmt":"2017-05-01T10:55:19","slug":"schartau-sei-dank","status":"publish","type":"post","link":"https:\/\/meier-gerdingh.de\/wp-spd-ob\/2000\/03\/29\/schartau-sei-dank\/","title":{"rendered":"&#8222;Schartau sei Dank&#8220;"},"content":{"rendered":"<p><div style=\"width: 150px\" class=\"wp-caption alignleft\"><a href=\"http:\/\/meier-gerdingh.de\/wp-spd-ob\/wp-content\/uploads\/schartau.jpg\"><img decoding=\"async\" src=\"http:\/\/meier-gerdingh.de\/wp-spd-ob\/wp-content\/uploads\/schartau.jpg\"  width=\"140\" height=\"189\" alt=\"\" class=\"size-full\" \/><\/a><p class=\"wp-caption-text\">Harald Schartau<\/p><\/div>R\u00fcckenwind f\u00fcr den Aufschwung und das B\u00fcndnis f\u00fcr Arbeit ist der Tarifabschluss in der NRW-Metallbranche. &#8222;Harald Schartau sei Dank&#8220; k\u00f6nnte zum vor\u00fcbergehenden Sto\u00dfseufzer werden, wenn der Aufschwung sich regional noch deutlicher in neuen Arbeits- und Ausbildungspl\u00e4tzen niederschl\u00e4gt. Mit dieser optimistischen Einsch\u00e4tzung haben die Oberhausener SPD-Landtagskandidaten Michael Groschek und Wolfgang Gro\u00dfe Br\u00f6mer den \u00fcberraschend z\u00fcgigen Tarifabschluss der Metaller kommentiert.<!--more--><\/p>\n<p>Beide Kandidaten haben Schartau nach Oberhausen eingeladen, um in einer \u00f6ffentlichen Veranstaltung Perspektiven des NRW-B\u00fcndnisses f\u00fcr Arbeit und Ausbildung zu diskutieren.<\/p>\n<p>Dies, so Groschek und Gro\u00dfe Br\u00f6mer, sei besonders interessant, weil in Oberhausen nicht nur die neue Gesellschaft f\u00fcr Besch\u00e4ftigungsf\u00f6rderung ihren Betrieb aufnimmt, sondern auch ein \u00f6rtliches B\u00fcndnis f\u00fcr Arbeit in neuer Organisationsform f\u00fcr noch mehr Dampf bei der Schaffung von Arbeits- und Ausbildungspl\u00e4tzen vor Ort sorgen wird.<\/p>\n<p>Harald Schartau hat verbindlich zugesagt, vor Ort als besch\u00e4ftigungspolitischer Mutmacher Flagge zu zeigen.<\/p>\n","protected":false},"excerpt":{"rendered":"<p>R\u00fcckenwind f\u00fcr den Aufschwung und das B\u00fcndnis f\u00fcr Arbeit ist der Tarifabschluss in der NRW-Metallbranche. &#8222;Harald Schartau sei Dank&#8220; k\u00f6nnte zum vor\u00fcbergehenden Sto\u00dfseufzer werden, wenn der Aufschwung sich regional noch&hellip; <\/p>\n","protected":false},"author":1,"featured_media":0,"comment_status":"closed","ping_status":"closed","sticky":false,"template":"","format":"standard","meta":{"footnotes":""},"categories":[1],"tags":[],"quellen":[],"class_list":["post-130","post","type-post","status-publish","format-standard","hentry","category-allgemein"],"_links":{"self":[{"href":"https:\/\/meier-gerdingh.de\/wp-spd-ob\/wp-json\/wp\/v2\/posts\/130","targetHints":{"allow":["GET"]}}],"collection":[{"href":"https:\/\/meier-gerdingh.de\/wp-spd-ob\/wp-json\/wp\/v2\/posts"}],"about":[{"href":"https:\/\/meier-gerdingh.de\/wp-spd-ob\/wp-json\/wp\/v2\/types\/post"}],"author":[{"embeddable":true,"href":"https:\/\/meier-gerdingh.de\/wp-spd-ob\/wp-json\/wp\/v2\/users\/1"}],"replies":[{"embeddable":true,"href":"https:\/\/meier-gerdingh.de\/wp-spd-ob\/wp-json\/wp\/v2\/comments?post=130"}],"version-history":[{"count":0,"href":"https:\/\/meier-gerdingh.de\/wp-spd-ob\/wp-json\/wp\/v2\/posts\/130\/revisions"}],"wp:attachment":[{"href":"https:\/\/meier-gerdingh.de\/wp-spd-ob\/wp-json\/wp\/v2\/media?parent=130"}],"wp:term":[{"taxonomy":"category","embeddable":true,"href":"https:\/\/meier-gerdingh.de\/wp-spd-ob\/wp-json\/wp\/v2\/categories?post=130"},{"taxonomy":"post_tag","embeddable":true,"href":"https:\/\/meier-gerdingh.de\/wp-spd-ob\/wp-json\/wp\/v2\/tags?post=130"},{"taxonomy":"quellen","embeddable":true,"href":"https:\/\/meier-gerdingh.de\/wp-spd-ob\/wp-json\/wp\/v2\/quellen?post=130"}],"curies":[{"name":"wp","href":"https:\/\/api.w.org\/{rel}","templated":true}]}}