{"id":13003,"date":"2025-09-01T16:57:06","date_gmt":"2025-09-01T14:57:06","guid":{"rendered":"https:\/\/meier-gerdingh.de\/wp-spd-ob\/?p=13003"},"modified":"2025-09-02T17:31:26","modified_gmt":"2025-09-02T15:31:26","slug":"spd-fordert-neue-gesamtschule","status":"publish","type":"post","link":"https:\/\/meier-gerdingh.de\/wp-spd-ob\/2025\/09\/01\/spd-fordert-neue-gesamtschule\/","title":{"rendered":"SPD fordert neue Gesamtschule"},"content":{"rendered":"<div id=\"attachment_7690\" style=\"width: 170px\" class=\"wp-caption alignleft\"><a href=\"https:\/\/meier-gerdingh.de\/wp-spd-ob\/wp-content\/uploads\/2020\/11\/bongers-sonja-2020-lg.jpg\"><img aria-describedby=\"caption-attachment-7690\" decoding=\"async\" class=\"size-full wp-image-7690\" src=\"https:\/\/meier-gerdingh.de\/wp-spd-ob\/wp-content\/uploads\/2020\/11\/bongers-sonja-2020.jpg\" alt=\"\" width=\"160\" height=\"200\" \/><\/a><p id=\"caption-attachment-7690\" class=\"wp-caption-text\">Sonja Bongers ist Vorsitzende der SPD-Ratsfraktion und Mitglied des Landtags von Nordrhein-Westfalen<\/p><\/div>\n<p>Die auf Antrag der Linken Liste einberufene Sondersitzung des Rates ist am Montag recht schnell zu Ende gegangen. Mit den Stimmen von CDU, Gr\u00fcnen, FDP, BOB und AfD wurden vier Antr\u00e4ge der Linken Liste zur Schulentwicklungsplanung kurzerhand von der Tagesordnung gestimmt.<\/p>\n<p>&#8222;Sie machen es sich zu einfach, wenn Sie ein Thema per Abstimmung wegdr\u00fccken, das seit mehr als einem Jahr bekannt ist&#8220;, warnte die SPD-Fraktionsvorsitzende Sonja Bongers vor der Abstimmung. Unmittelbar vor der Sitzung hatte die Verwaltung eine Vorlage ver\u00f6ffentlicht, die sich mit der Schulentwicklungsplanung der Stadt befasst \u2013 nat\u00fcrlich viel zu kurzfristig, um sich damit eingehend zu befassen. &#8222;Eine Schnittmenge zwischen den Antr\u00e4gen der Linken Liste und den Empfehlungen der Verwaltung findet sich ja doch&#8220;, erkl\u00e4rte Sonja Bongers: &#8222;N\u00e4mlich die f\u00fcr den Bau einer weiteren Gesamtschule.&#8220;<!--more--><\/p>\n<p>Auch die Bezirksregierung hatte im Vorfeld darauf verwiesen. F\u00fcr die SPD-Fraktion schlug die Vorsitzende vor, zumindest \u00fcber diesen Antrag der Linken Liste abstimmen zu lassen. Doch dazu lie\u00dfen es CDU, Gr\u00fcne, FDP, BOB und AfD gar nicht erst kommen.<\/p>\n<p>F\u00fcr die Sozialdemokraten bedeutet aufgeschoben allerdings nicht aufgehoben, wie Sonja Bongers klarstellte: &#8222;Wir fordern eine neue Gesamtschule in Lirich, ganz gleich, ob heute oder erst in der n\u00e4chsten Beratungsfolge.&#8220;<\/p>\n","protected":false},"excerpt":{"rendered":"<p>Die auf Antrag der Linken Liste einberufene Sondersitzung des Rates ist am Montag recht schnell zu Ende gegangen. Mit den Stimmen von CDU, Gr\u00fcnen, FDP, BOB und AfD wurden vier&hellip; <\/p>\n","protected":false},"author":1,"featured_media":0,"comment_status":"closed","ping_status":"closed","sticky":false,"template":"","format":"standard","meta":{"footnotes":""},"categories":[231,2],"tags":[4640,2457,183,2058,3050,690,4641,4639],"quellen":[326],"class_list":["post-13003","post","type-post","status-publish","format-standard","hentry","category-bildung","category-schule","tag-gesamtschule-lirich","tag-gesamtschulen","tag-lirich","tag-ratssitzung","tag-schulentwicklung","tag-schulentwicklungsplanung","tag-sechste-gesamtschule","tag-sondersitzung-rat","quellen-spd-fraktion-oberhausen"],"_links":{"self":[{"href":"https:\/\/meier-gerdingh.de\/wp-spd-ob\/wp-json\/wp\/v2\/posts\/13003","targetHints":{"allow":["GET"]}}],"collection":[{"href":"https:\/\/meier-gerdingh.de\/wp-spd-ob\/wp-json\/wp\/v2\/posts"}],"about":[{"href":"https:\/\/meier-gerdingh.de\/wp-spd-ob\/wp-json\/wp\/v2\/types\/post"}],"author":[{"embeddable":true,"href":"https:\/\/meier-gerdingh.de\/wp-spd-ob\/wp-json\/wp\/v2\/users\/1"}],"replies":[{"embeddable":true,"href":"https:\/\/meier-gerdingh.de\/wp-spd-ob\/wp-json\/wp\/v2\/comments?post=13003"}],"version-history":[{"count":0,"href":"https:\/\/meier-gerdingh.de\/wp-spd-ob\/wp-json\/wp\/v2\/posts\/13003\/revisions"}],"wp:attachment":[{"href":"https:\/\/meier-gerdingh.de\/wp-spd-ob\/wp-json\/wp\/v2\/media?parent=13003"}],"wp:term":[{"taxonomy":"category","embeddable":true,"href":"https:\/\/meier-gerdingh.de\/wp-spd-ob\/wp-json\/wp\/v2\/categories?post=13003"},{"taxonomy":"post_tag","embeddable":true,"href":"https:\/\/meier-gerdingh.de\/wp-spd-ob\/wp-json\/wp\/v2\/tags?post=13003"},{"taxonomy":"quellen","embeddable":true,"href":"https:\/\/meier-gerdingh.de\/wp-spd-ob\/wp-json\/wp\/v2\/quellen?post=13003"}],"curies":[{"name":"wp","href":"https:\/\/api.w.org\/{rel}","templated":true}]}}