{"id":13009,"date":"2025-09-04T17:09:08","date_gmt":"2025-09-04T15:09:08","guid":{"rendered":"https:\/\/meier-gerdingh.de\/wp-spd-ob\/?p=13009"},"modified":"2025-09-09T14:02:13","modified_gmt":"2025-09-09T12:02:13","slug":"mehr-geld-fuer-die-staedte","status":"publish","type":"post","link":"https:\/\/meier-gerdingh.de\/wp-spd-ob\/2025\/09\/04\/mehr-geld-fuer-die-staedte\/","title":{"rendered":"Mehr Geld f\u00fcr die St\u00e4dte"},"content":{"rendered":"<div id=\"attachment_12854\" style=\"width: 250px\" class=\"wp-caption alignleft\"><a href=\"https:\/\/meier-gerdingh.de\/wp-spd-ob\/wp-content\/uploads\/2025\/08\/spd-ob-25-thorsten-berg-portrait-25-08-lg.jpg\"><img aria-describedby=\"caption-attachment-12854\" decoding=\"async\" class=\"size-full wp-image-12854\" src=\"https:\/\/meier-gerdingh.de\/wp-spd-ob\/wp-content\/uploads\/2025\/08\/spd-ob-25-thorsten-berg-portrait-25-08.jpg\" alt=\"\" width=\"240\" height=\"360\" srcset=\"https:\/\/meier-gerdingh.de\/wp-spd-ob\/wp-content\/uploads\/2025\/08\/spd-ob-25-thorsten-berg-portrait-25-08.jpg 240w, https:\/\/meier-gerdingh.de\/wp-spd-ob\/wp-content\/uploads\/2025\/08\/spd-ob-25-thorsten-berg-portrait-25-08-200x300.jpg 200w\" sizes=\"(max-width: 240px) 100vw, 240px\" \/><\/a><p id=\"caption-attachment-12854\" class=\"wp-caption-text\">Thorsten Berg ist der Oberb\u00fcrgermeister-Kandidat der Oberhausener SPD f\u00fcr die Kommunalwahl am 14. September<\/p><\/div>\n<p>SPD-OB-Kandidat Thorsten Berg und der Landtagsabgeordnete Stefan Zimkeit sprechen sich daf\u00fcr aus, dass NRW mindestens 80 Prozent der Mittel aus dem Bundes-Sonderverm\u00f6gen f\u00fcr Infrastruktur an die Kommunen weiterleitet. &#8222;Es geht um Investitionen in die Zukunft, und die finden zum gr\u00f6\u00dften Teil in den St\u00e4dten statt&#8220;, betont Berg. &#8222;Knapp 80 Prozent aller \u00f6ffentlichen Investitionen werden von den Kommunen getragen.&#8220; Berg weist auf den erheblichen Investitionsstau bei Schulen, Kitas, Sportanlagen, der Energiewende und der \u00f6rtlichen Verkehrsinfrastruktur hin. &#8222;Hier werden die Gelder aus dem Sonderverm\u00f6gen nicht nur in Oberhausen dringend ben\u00f6tigt.&#8220;<\/p>\n<p>Stefan Zimkeit bef\u00fcrchtet jedoch, dass CDU-Ministerpr\u00e4sident Hendrik W\u00fcst andere Pl\u00e4ne hat. &#8222;Seinen \u00c4u\u00dferungen entnehme ich, dass er kaum mehr als die H\u00e4lfte der Mittel an die Kommunen weiterleiten m\u00f6chte. Er will das Geld offenbar lieber zum Schlie\u00dfen von L\u00fccken im Landeshaushalt verwenden.&#8220;<!--more--><\/p>\n<p>Zimkeit schl\u00e4gt hingegen vor: &#8222;Das Land soll pr\u00fcfen, ob es die Bundesgelder noch mit eigenen Mitteln aufstocken kann, statt damit zu lieb\u00e4ugeln, die NRW-eigenen Investitionsprogramme herunterzufahren. Denn sonst w\u00fcrde die Investitionsoffensive schnell verpuffen.&#8220;<\/p>\n<p>Laut Zimkeit wird die 80-prozentige Kommunalquote auf Antrag der SPD in der n\u00e4chsten Landtagssitzung diskutiert. &#8222;Ministerpr\u00e4sident W\u00fcst wird das vermutlich nicht gefallen, weil er sich lieber erst nach der Kommunalwahl festlegen m\u00f6chte&#8220;, kritisiert Zimkeit. &#8222;Ich bin gespannt, welche Position die amtierenden CDU-Oberb\u00fcrgermeister in dieser Frage einnehmen.&#8220;<\/p>\n<p>F\u00fcr Thorsten Berg ist die Verteilung der Infrastruktur-Milliarden eine Gerechtigkeitsfrage: &#8222;Da geht es nicht nur darum, dass die Kommunen angemessen beteiligt werden. D\u00fcsseldorf muss auch daf\u00fcr sorgen, dass die St\u00e4dte entsprechend ihres \u00f6rtlichen Investitionsbedarfs bedacht werden.&#8220; Berg denkt dabei an die Situation in Oberhausen, wo die L\u00fccken in der Infrastruktur besonders gro\u00df sind.<\/p>\n","protected":false},"excerpt":{"rendered":"<p>SPD-OB-Kandidat Thorsten Berg und der Landtagsabgeordnete Stefan Zimkeit sprechen sich daf\u00fcr aus, dass NRW mindestens 80 Prozent der Mittel aus dem Bundes-Sonderverm\u00f6gen f\u00fcr Infrastruktur an die Kommunen weiterleitet. &#8222;Es geht&hellip; <\/p>\n","protected":false},"author":1,"featured_media":0,"comment_status":"closed","ping_status":"closed","sticky":false,"template":"","format":"standard","meta":{"footnotes":""},"categories":[98,16],"tags":[269,14,151,4223,1383,251,299,4401,4402,4224,4517,2453,2323,1027],"quellen":[331],"class_list":["post-13009","post","type-post","status-publish","format-standard","hentry","category-finanzen","category-stadtentwicklung","tag-investitionen","tag-kommunalfinanzen","tag-kommunalwahl","tag-kommunalwahl-2025","tag-kommunen","tag-ob-kandidat","tag-oberbuergermeister-kandidat","tag-sondervermoegen","tag-sondervermoegen-infrastruktur","tag-spd-ob-kandidat","tag-spd-oberbuergermeister-kandidat","tag-spd-oberbuergermeisterkandidat","tag-thorsten-berg","tag-zukunftsinvestitionen","quellen-mdl-stefan-zimkeit"],"_links":{"self":[{"href":"https:\/\/meier-gerdingh.de\/wp-spd-ob\/wp-json\/wp\/v2\/posts\/13009","targetHints":{"allow":["GET"]}}],"collection":[{"href":"https:\/\/meier-gerdingh.de\/wp-spd-ob\/wp-json\/wp\/v2\/posts"}],"about":[{"href":"https:\/\/meier-gerdingh.de\/wp-spd-ob\/wp-json\/wp\/v2\/types\/post"}],"author":[{"embeddable":true,"href":"https:\/\/meier-gerdingh.de\/wp-spd-ob\/wp-json\/wp\/v2\/users\/1"}],"replies":[{"embeddable":true,"href":"https:\/\/meier-gerdingh.de\/wp-spd-ob\/wp-json\/wp\/v2\/comments?post=13009"}],"version-history":[{"count":0,"href":"https:\/\/meier-gerdingh.de\/wp-spd-ob\/wp-json\/wp\/v2\/posts\/13009\/revisions"}],"wp:attachment":[{"href":"https:\/\/meier-gerdingh.de\/wp-spd-ob\/wp-json\/wp\/v2\/media?parent=13009"}],"wp:term":[{"taxonomy":"category","embeddable":true,"href":"https:\/\/meier-gerdingh.de\/wp-spd-ob\/wp-json\/wp\/v2\/categories?post=13009"},{"taxonomy":"post_tag","embeddable":true,"href":"https:\/\/meier-gerdingh.de\/wp-spd-ob\/wp-json\/wp\/v2\/tags?post=13009"},{"taxonomy":"quellen","embeddable":true,"href":"https:\/\/meier-gerdingh.de\/wp-spd-ob\/wp-json\/wp\/v2\/quellen?post=13009"}],"curies":[{"name":"wp","href":"https:\/\/api.w.org\/{rel}","templated":true}]}}