{"id":13019,"date":"2025-09-19T11:01:13","date_gmt":"2025-09-19T09:01:13","guid":{"rendered":"https:\/\/meier-gerdingh.de\/wp-spd-ob\/?p=13019"},"modified":"2025-09-19T11:02:05","modified_gmt":"2025-09-19T09:02:05","slug":"unternehmen-wusste-von-nichts","status":"publish","type":"post","link":"https:\/\/meier-gerdingh.de\/wp-spd-ob\/2025\/09\/19\/unternehmen-wusste-von-nichts\/","title":{"rendered":"Unternehmen wusste von nichts"},"content":{"rendered":"<div id=\"attachment_12854\" style=\"width: 250px\" class=\"wp-caption alignleft\"><a href=\"https:\/\/meier-gerdingh.de\/wp-spd-ob\/wp-content\/uploads\/2025\/08\/spd-ob-25-thorsten-berg-portrait-25-08-lg.jpg\"><img aria-describedby=\"caption-attachment-12854\" decoding=\"async\" class=\"size-full wp-image-12854\" src=\"https:\/\/meier-gerdingh.de\/wp-spd-ob\/wp-content\/uploads\/2025\/08\/spd-ob-25-thorsten-berg-portrait-25-08.jpg\" alt=\"\" width=\"240\" height=\"360\" srcset=\"https:\/\/meier-gerdingh.de\/wp-spd-ob\/wp-content\/uploads\/2025\/08\/spd-ob-25-thorsten-berg-portrait-25-08.jpg 240w, https:\/\/meier-gerdingh.de\/wp-spd-ob\/wp-content\/uploads\/2025\/08\/spd-ob-25-thorsten-berg-portrait-25-08-200x300.jpg 200w\" sizes=\"(max-width: 240px) 100vw, 240px\" \/><\/a><p id=\"caption-attachment-12854\" class=\"wp-caption-text\">Thorsten Berg ist der Oberb\u00fcrgermeister-Kandidat der Oberhausener SPD<\/p><\/div>\n<p>Die am Freitag mit einer Stra\u00dfensperrung eingeleitete Sanierung der A-516-Autobahnbr\u00fccke in Sterkrade bringt nicht nur die \u00fcblichen Unannehmlichkeiten mit sich, sie k\u00f6nnte auch teure Folgen f\u00fcr ein gro\u00dfes Oberhausener Unternehmen haben. Dies hat sich f\u00fcr Planungspolitiker der SPD nach dem Planungsausschuss am Donnerstag ergeben.<\/p>\n<p>Im Ausschuss wollten die Sozialdemokraten wissen, ob die umfangreichen Arbeiten mitsamt Stra\u00dfensperrungen auch gegen\u00fcber den \u00f6rtlichen Unternehmen wie Everllence, ehemals MAN Energy Solutions, thematisiert worden sind. Dies sei nach Auskunft der Autobahn GmbH lediglich \u00fcber die Presse geschehen, die Verwaltung best\u00e4tigte in der Sitzung indes Gespr\u00e4che mit der Standortleitung. Allein jedoch: Au\u00dfer einer Terminabsprache ist noch nichts passiert und eine millionenschwere Strafe droht dem Unternehmen, falls sich aufgrund der Bauarbeiten die Anlieferung einer Gasturbine Anfang Oktober verz\u00f6gern sollte. Dies hat die SPD-Fraktion aus Unternehmenskreisen erfahren.<\/p>\n<p>Stra\u00dfensperrungen und entsprechende Bauarbeiten beginnen also, bevor die Verwaltung das Gespr\u00e4ch mit relevanten Unternehmen vor Ort gef\u00fchrt hat, um solche Probleme bereits im Vorfeld zumindest zu thematisieren. Beim SPD-Kandidaten f\u00fcr das Amt des Oberb\u00fcrgermeisters, Thorsten Berg, sorgt dieser Vorgang einmal mehr f\u00fcr Unverst\u00e4ndnis und Kopfsch\u00fctteln: &#8222;Es ist ja sch\u00f6n und gut, dass Anlieger im Vorfeld \u00fcber die Bauma\u00dfnahme informiert worden sind. Doch dass dies bei gro\u00dfen Industrieunternehmen nicht geschieht, ist ein Armutszeugnis f\u00fcr die Wirtschafts- und Standortpolitik des Oberb\u00fcrgermeisters.&#8220;<!--more--><\/p>\n<p>Es gelte auch in diesem Fall einmal mehr: Taten sind wichtiger als wohl gesetzte Worte. &#8222;Wer sich Kompetenz und Erfahrung zuschreibt, muss diese auch im Alltag beweisen&#8220;, so Berg weiter. Da reiche es nicht, auf dem Everllence-Familientag \u00f6ffentlichkeitswirksam H\u00e4nde zu sch\u00fctteln, man m\u00fcsse eben auch die wirklich wichtigen Gespr\u00e4che f\u00fchren.<\/p>\n","protected":false},"excerpt":{"rendered":"<p>Die am Freitag mit einer Stra\u00dfensperrung eingeleitete Sanierung der A-516-Autobahnbr\u00fccke in Sterkrade bringt nicht nur die \u00fcblichen Unannehmlichkeiten mit sich, sie k\u00f6nnte auch teure Folgen f\u00fcr ein gro\u00dfes Oberhausener Unternehmen&hellip; <\/p>\n","protected":false},"author":1,"featured_media":0,"comment_status":"closed","ping_status":"closed","sticky":false,"template":"","format":"standard","meta":{"footnotes":""},"categories":[3070,27],"tags":[4650,4653,3041,235,4651,4652,251,299,389,4224,4517,2453,3321,4647,2480,2323],"quellen":[326],"class_list":["post-13019","post","type-post","status-publish","format-standard","hentry","category-mobilitaet","category-planen-bauen-wohnen-verkehr","tag-a-516","tag-a-516-autobahnbruecke","tag-autobahnen","tag-baustellenmanagement","tag-brueckensanierung","tag-everllence","tag-ob-kandidat","tag-oberbuergermeister-kandidat","tag-planungsausschuss","tag-spd-ob-kandidat","tag-spd-oberbuergermeister-kandidat","tag-spd-oberbuergermeisterkandidat","tag-stadtplanungs-und-mobilitaetsausschuss","tag-strassensperrung","tag-strassensperrungen","tag-thorsten-berg","quellen-spd-fraktion-oberhausen"],"_links":{"self":[{"href":"https:\/\/meier-gerdingh.de\/wp-spd-ob\/wp-json\/wp\/v2\/posts\/13019","targetHints":{"allow":["GET"]}}],"collection":[{"href":"https:\/\/meier-gerdingh.de\/wp-spd-ob\/wp-json\/wp\/v2\/posts"}],"about":[{"href":"https:\/\/meier-gerdingh.de\/wp-spd-ob\/wp-json\/wp\/v2\/types\/post"}],"author":[{"embeddable":true,"href":"https:\/\/meier-gerdingh.de\/wp-spd-ob\/wp-json\/wp\/v2\/users\/1"}],"replies":[{"embeddable":true,"href":"https:\/\/meier-gerdingh.de\/wp-spd-ob\/wp-json\/wp\/v2\/comments?post=13019"}],"version-history":[{"count":0,"href":"https:\/\/meier-gerdingh.de\/wp-spd-ob\/wp-json\/wp\/v2\/posts\/13019\/revisions"}],"wp:attachment":[{"href":"https:\/\/meier-gerdingh.de\/wp-spd-ob\/wp-json\/wp\/v2\/media?parent=13019"}],"wp:term":[{"taxonomy":"category","embeddable":true,"href":"https:\/\/meier-gerdingh.de\/wp-spd-ob\/wp-json\/wp\/v2\/categories?post=13019"},{"taxonomy":"post_tag","embeddable":true,"href":"https:\/\/meier-gerdingh.de\/wp-spd-ob\/wp-json\/wp\/v2\/tags?post=13019"},{"taxonomy":"quellen","embeddable":true,"href":"https:\/\/meier-gerdingh.de\/wp-spd-ob\/wp-json\/wp\/v2\/quellen?post=13019"}],"curies":[{"name":"wp","href":"https:\/\/api.w.org\/{rel}","templated":true}]}}