{"id":13041,"date":"2025-09-19T16:40:10","date_gmt":"2025-09-19T14:40:10","guid":{"rendered":"https:\/\/meier-gerdingh.de\/wp-spd-ob\/?p=13041"},"modified":"2025-09-22T09:08:25","modified_gmt":"2025-09-22T07:08:25","slug":"ob-kandidat-thorsten-berg-zieht-wieder-die-wanderschuhe-an","status":"publish","type":"post","link":"https:\/\/meier-gerdingh.de\/wp-spd-ob\/2025\/09\/19\/ob-kandidat-thorsten-berg-zieht-wieder-die-wanderschuhe-an\/","title":{"rendered":"OB-Kandidat Thorsten Berg zieht wieder die Wanderschuhe an"},"content":{"rendered":"<p><a href=\"https:\/\/meier-gerdingh.de\/wp-spd-ob\/wp-content\/uploads\/2025\/09\/banner-berg-wanderung-25-09-21-lg.jpg\"><img decoding=\"async\" class=\"aligncenter size-full wp-image-13020\" src=\"https:\/\/meier-gerdingh.de\/wp-spd-ob\/wp-content\/uploads\/2025\/09\/banner-berg-wanderung-25-09-21.jpg\" alt=\"\" width=\"960\" height=\"540\" srcset=\"https:\/\/meier-gerdingh.de\/wp-spd-ob\/wp-content\/uploads\/2025\/09\/banner-berg-wanderung-25-09-21.jpg 960w, https:\/\/meier-gerdingh.de\/wp-spd-ob\/wp-content\/uploads\/2025\/09\/banner-berg-wanderung-25-09-21-300x169.jpg 300w\" sizes=\"(max-width: 960px) 100vw, 960px\" \/><\/a>Genau eine Woche vor der entscheidenden Stichwahl um das Amt des Oberb\u00fcrgermeisters von Oberhausen durchwandert der SPD-Kandidat Thorsten Berg noch einmal die Stadt vom Norden bis zum S\u00fcden \u2013 diesmal auf einer etwas anderen Strecke als bei seiner Premiere. <\/p>\n<p>&#8222;B\u00fcrgerinnen und B\u00fcrger hatten vorgeschlagen, dass ich die Ortsteile besuchen soll, die ich auf der ersten Tour nicht besuchen konnte. Dem Wunsch komme ich gerne nach, also machen wir uns am Sonntag auf den Weg zur zweiten Wandertour durch Oberhausen&#8220;, erkl\u00e4rt Thorsten Berg.<\/p>\n<p>Wer ihn und sein Team auf Teilst\u00fccken oder die ganze Tour entlang begleiten m\u00f6chte, ist herzlich eingeladen. Wer nicht so gut zu Fu\u00df ist, kann mit dem OB-Kandidaten an den Zwischenstationen ins Gespr\u00e4ch kommen. &#8222;Wir werden die Pausen so gestalten, dass gen\u00fcgend Zeit f\u00fcr den Dialog bleibt&#8220;, verspricht Berg.<\/p>\n<p><strong>Treffpunkt<\/strong> ist an diesem <strong>Sonntag, 21. September<\/strong>, an der <strong>J\u00e4gerstra\u00dfe in Barmingholten<\/strong> direkt an der Stadtgrenze zu Dinslaken um <strong>10 Uhr<\/strong>. Die Gruppe l\u00e4uft von 10.15 Uhr bis um <strong>11 Uhr<\/strong> zum <strong>Holtener Markt<\/strong>.<\/p>\n<p>Um 11.20 Uhr geht es bis ca. <strong>13 Uhr<\/strong> dann weiter \u00fcber Biefang und Sterkrade nach <strong>Eisenheim<\/strong>; um 13.20 Uhr wandert die Gruppe \u00fcber den Forsterbruch nach <strong>Buschhausen (Mecklenburger Stra\u00dfe \/ Ecke Friesenstr.)<\/strong>.<\/p>\n<p>Von dort geht es von 14.40 Uhr bis 15.30 Uhr weiter Richtung <strong>Lirich (Katharinenstr. \/ Ecke Wilmsstr.)<\/strong>, dort ist erneut eine Pause von 20 Minuten vorgesehen; um 15.50 Uhr geht es dann zur Schlussetappe bis ca. 16.45 Uhr \u00fcber die Bebelstra\u00dfe zur Platzanlage des <strong>TC Babcock, Kiwittenberg 61<\/strong>.<\/p>\n","protected":false},"excerpt":{"rendered":"<p>Genau eine Woche vor der entscheidenden Stichwahl um das Amt des Oberb\u00fcrgermeisters von Oberhausen durchwandert der SPD-Kandidat Thorsten Berg noch einmal die Stadt vom Norden bis zum S\u00fcden \u2013 diesmal&hellip; <\/p>\n","protected":false},"author":1,"featured_media":0,"comment_status":"closed","ping_status":"closed","sticky":false,"template":"","format":"standard","meta":{"footnotes":""},"categories":[171,178],"tags":[4597,4655,4223,251,4654,299,4224,2453,2323],"quellen":[327],"class_list":["post-13041","post","type-post","status-publish","format-standard","hentry","category-veranstaltungen","category-wahlen","tag-berg-tour","tag-berg-wanderung","tag-kommunalwahl-2025","tag-ob-kandidat","tag-ob-stichwahl","tag-oberbuergermeister-kandidat","tag-spd-ob-kandidat","tag-spd-oberbuergermeisterkandidat","tag-thorsten-berg","quellen-spd-unterbezirk-oberhausen"],"_links":{"self":[{"href":"https:\/\/meier-gerdingh.de\/wp-spd-ob\/wp-json\/wp\/v2\/posts\/13041","targetHints":{"allow":["GET"]}}],"collection":[{"href":"https:\/\/meier-gerdingh.de\/wp-spd-ob\/wp-json\/wp\/v2\/posts"}],"about":[{"href":"https:\/\/meier-gerdingh.de\/wp-spd-ob\/wp-json\/wp\/v2\/types\/post"}],"author":[{"embeddable":true,"href":"https:\/\/meier-gerdingh.de\/wp-spd-ob\/wp-json\/wp\/v2\/users\/1"}],"replies":[{"embeddable":true,"href":"https:\/\/meier-gerdingh.de\/wp-spd-ob\/wp-json\/wp\/v2\/comments?post=13041"}],"version-history":[{"count":0,"href":"https:\/\/meier-gerdingh.de\/wp-spd-ob\/wp-json\/wp\/v2\/posts\/13041\/revisions"}],"wp:attachment":[{"href":"https:\/\/meier-gerdingh.de\/wp-spd-ob\/wp-json\/wp\/v2\/media?parent=13041"}],"wp:term":[{"taxonomy":"category","embeddable":true,"href":"https:\/\/meier-gerdingh.de\/wp-spd-ob\/wp-json\/wp\/v2\/categories?post=13041"},{"taxonomy":"post_tag","embeddable":true,"href":"https:\/\/meier-gerdingh.de\/wp-spd-ob\/wp-json\/wp\/v2\/tags?post=13041"},{"taxonomy":"quellen","embeddable":true,"href":"https:\/\/meier-gerdingh.de\/wp-spd-ob\/wp-json\/wp\/v2\/quellen?post=13041"}],"curies":[{"name":"wp","href":"https:\/\/api.w.org\/{rel}","templated":true}]}}