{"id":13042,"date":"2025-09-19T16:22:34","date_gmt":"2025-09-19T14:22:34","guid":{"rendered":"https:\/\/meier-gerdingh.de\/wp-spd-ob\/?p=13042"},"modified":"2025-09-22T11:14:17","modified_gmt":"2025-09-22T09:14:17","slug":"landtagsmehrheit-will-oberhausen-benachteiligen","status":"publish","type":"post","link":"https:\/\/meier-gerdingh.de\/wp-spd-ob\/2025\/09\/19\/landtagsmehrheit-will-oberhausen-benachteiligen\/","title":{"rendered":"Landtagsmehrheit will Oberhausen benachteiligen"},"content":{"rendered":"<div id=\"attachment_12854\" style=\"width: 250px\" class=\"wp-caption alignleft\"><a href=\"https:\/\/meier-gerdingh.de\/wp-spd-ob\/wp-content\/uploads\/2025\/08\/spd-ob-25-thorsten-berg-portrait-25-08-lg.jpg\"><img aria-describedby=\"caption-attachment-12854\" decoding=\"async\" class=\"size-full wp-image-12854\" src=\"https:\/\/meier-gerdingh.de\/wp-spd-ob\/wp-content\/uploads\/2025\/08\/spd-ob-25-thorsten-berg-portrait-25-08.jpg\" alt=\"\" width=\"240\" height=\"360\" srcset=\"https:\/\/meier-gerdingh.de\/wp-spd-ob\/wp-content\/uploads\/2025\/08\/spd-ob-25-thorsten-berg-portrait-25-08.jpg 240w, https:\/\/meier-gerdingh.de\/wp-spd-ob\/wp-content\/uploads\/2025\/08\/spd-ob-25-thorsten-berg-portrait-25-08-200x300.jpg 200w\" sizes=\"(max-width: 240px) 100vw, 240px\" \/><\/a><p id=\"caption-attachment-12854\" class=\"wp-caption-text\">Thorsten Berg ist der Oberb\u00fcrgermeister-Kandidat der Oberhausener SPD f\u00fcr die Kommunalwahl am 14. September<\/p><\/div>\n<p>SPD-Oberb\u00fcrgermeisterkandidat Thorsten Berg zeigt sich entt\u00e4uscht dar\u00fcber, dass CDU-Ministerpr\u00e4sident W\u00fcst weiterhin nicht verr\u00e4t, wie viele Investitionsmittel die Kommunen erhalten werden. &#8222;Der Vorsto\u00df der SPD, 80 Prozent der Gelder aus dem Bundes-Sonderverm\u00f6gen an die St\u00e4dte zu geben, wurde von der Landtagsmehrheit abgelehnt&#8220;, \u00e4rgert sich Berg. &#8222;Obwohl die Kommunen zu fast 80 Prozent f\u00fcr \u00f6ffentliche Investitionen zust\u00e4ndig sind, will die Landesregierung einen Gro\u00dfteil der Mittel behalten, um eigene Haushaltsl\u00f6cher zu stopfen.&#8220;<\/p>\n<p>Berg protestiert au\u00dferdem dagegen, dass die NRW-CDU beim Verteilschl\u00fcssel tricksen m\u00f6chte. Anstatt finanzschwache St\u00e4dte wie Oberhausen, die den gr\u00f6\u00dften Investitionsbedarf haben, zu unterst\u00fctzen, soll offenbar die Gemeindefl\u00e4che eine erhebliche Rolle spielen. &#8222;Damit wird das Geld in den l\u00e4ndlichen Raum umgeleitet&#8220;, sagt Thorsten Berg.<!--more--><\/p>\n<p>Stefan Zimkeit wirft der NRW-CDU politisches Kalk\u00fcl vor. &#8222;Sie m\u00f6chte lieber im gro\u00dfen, aber einwohnerschwachen Hochsauerlandkreis investieren, wo die CDU das Sagen hat. Das dicht besiedelte Ruhrgebiet mit seinen gro\u00dfen sozialen Herausforderungen hat dann das Nachsehen.&#8220;<\/p>\n<p>Der SPD-Finanzexperte h\u00e4lt dies f\u00fcr inakzeptabel, da Oberhausen dadurch benachteiligt wird. Anstatt der 286 Millionen Euro, die der von der SPD vorgeschlagene Verteilschl\u00fcssel vorsieht, w\u00fcrde die Stadt dann nur rund 50 Millionen Euro erhalten, kritisiert Stefan Zimkeit.<\/p>\n","protected":false},"excerpt":{"rendered":"<p>SPD-Oberb\u00fcrgermeisterkandidat Thorsten Berg zeigt sich entt\u00e4uscht dar\u00fcber, dass CDU-Ministerpr\u00e4sident W\u00fcst weiterhin nicht verr\u00e4t, wie viele Investitionsmittel die Kommunen erhalten werden. &#8222;Der Vorsto\u00df der SPD, 80 Prozent der Gelder aus dem&hellip; <\/p>\n","protected":false},"author":1,"featured_media":0,"comment_status":"closed","ping_status":"closed","sticky":false,"template":"","format":"standard","meta":{"footnotes":""},"categories":[98,16],"tags":[269,14,151,4223,1383,251,299,1306,1555,4401,4402,4224,4517,2453,2323,1027],"quellen":[331,327],"class_list":["post-13042","post","type-post","status-publish","format-standard","hentry","category-finanzen","category-stadtentwicklung","tag-investitionen","tag-kommunalfinanzen","tag-kommunalwahl","tag-kommunalwahl-2025","tag-kommunen","tag-ob-kandidat","tag-oberbuergermeister-kandidat","tag-ruhrgebiet","tag-ruhrgebietsstaedte","tag-sondervermoegen","tag-sondervermoegen-infrastruktur","tag-spd-ob-kandidat","tag-spd-oberbuergermeister-kandidat","tag-spd-oberbuergermeisterkandidat","tag-thorsten-berg","tag-zukunftsinvestitionen","quellen-mdl-stefan-zimkeit","quellen-spd-unterbezirk-oberhausen"],"_links":{"self":[{"href":"https:\/\/meier-gerdingh.de\/wp-spd-ob\/wp-json\/wp\/v2\/posts\/13042","targetHints":{"allow":["GET"]}}],"collection":[{"href":"https:\/\/meier-gerdingh.de\/wp-spd-ob\/wp-json\/wp\/v2\/posts"}],"about":[{"href":"https:\/\/meier-gerdingh.de\/wp-spd-ob\/wp-json\/wp\/v2\/types\/post"}],"author":[{"embeddable":true,"href":"https:\/\/meier-gerdingh.de\/wp-spd-ob\/wp-json\/wp\/v2\/users\/1"}],"replies":[{"embeddable":true,"href":"https:\/\/meier-gerdingh.de\/wp-spd-ob\/wp-json\/wp\/v2\/comments?post=13042"}],"version-history":[{"count":0,"href":"https:\/\/meier-gerdingh.de\/wp-spd-ob\/wp-json\/wp\/v2\/posts\/13042\/revisions"}],"wp:attachment":[{"href":"https:\/\/meier-gerdingh.de\/wp-spd-ob\/wp-json\/wp\/v2\/media?parent=13042"}],"wp:term":[{"taxonomy":"category","embeddable":true,"href":"https:\/\/meier-gerdingh.de\/wp-spd-ob\/wp-json\/wp\/v2\/categories?post=13042"},{"taxonomy":"post_tag","embeddable":true,"href":"https:\/\/meier-gerdingh.de\/wp-spd-ob\/wp-json\/wp\/v2\/tags?post=13042"},{"taxonomy":"quellen","embeddable":true,"href":"https:\/\/meier-gerdingh.de\/wp-spd-ob\/wp-json\/wp\/v2\/quellen?post=13042"}],"curies":[{"name":"wp","href":"https:\/\/api.w.org\/{rel}","templated":true}]}}