{"id":13047,"date":"2025-09-19T16:45:09","date_gmt":"2025-09-19T14:45:09","guid":{"rendered":"https:\/\/meier-gerdingh.de\/wp-spd-ob\/?p=13047"},"modified":"2025-09-19T20:21:18","modified_gmt":"2025-09-19T18:21:18","slug":"thorsten-berg-trifft-marc-herter-im-gdanska","status":"publish","type":"post","link":"https:\/\/meier-gerdingh.de\/wp-spd-ob\/2025\/09\/19\/thorsten-berg-trifft-marc-herter-im-gdanska\/","title":{"rendered":"Thorsten Berg trifft Marc Herter im Gdanska"},"content":{"rendered":"<p><a href=\"https:\/\/meier-gerdingh.de\/wp-spd-ob\/wp-content\/uploads\/2025\/09\/banner-thorstens-talk-im-gdanska-25-09-23-herter-lg.jpg\"><img decoding=\"async\" class=\"aligncenter size-full wp-image-13043\" src=\"https:\/\/meier-gerdingh.de\/wp-spd-ob\/wp-content\/uploads\/2025\/09\/banner-thorstens-talk-im-gdanska-25-09-23-herter.jpg\" alt=\"\" width=\"960\" height=\"540\" srcset=\"https:\/\/meier-gerdingh.de\/wp-spd-ob\/wp-content\/uploads\/2025\/09\/banner-thorstens-talk-im-gdanska-25-09-23-herter.jpg 960w, https:\/\/meier-gerdingh.de\/wp-spd-ob\/wp-content\/uploads\/2025\/09\/banner-thorstens-talk-im-gdanska-25-09-23-herter-300x169.jpg 300w\" sizes=\"(max-width: 960px) 100vw, 960px\" \/><\/a>Bei gro\u00dfer Resonanz hat das Format &#8222;Thorstens Talk im Turm&#8220; zweimal in diesem Kommunalwahlkampf interessierte B\u00fcrgerinnen und B\u00fcrger in den Hauptbahnhof gelockt. Wenige Tage vor der entscheidenden Stichwahl um das Amt des Oberb\u00fcrgermeisters zieht das Talk-Format um und pr\u00e4sentiert nach Alt-Oberb\u00fcrgermeister Burkhard Drescher und Bundesarbeitsministerin B\u00e4rbel Bas am <strong>Dienstag, 23. September, 19.30 Uhr, im Restaurant Gdanska am Altmarkt<\/strong> erneut einen prominenten sozialdemokratischen Talkgast: <strong>Marc Herter<\/strong>, der als <strong>Oberb\u00fcrgermeister von Hamm<\/strong> mit satten 63,6 Prozent im ersten Wahlgang das Rathaus f\u00fcr die SPD verteidigt hat, kommt zum Gespr\u00e4ch mit Gastgeber Thorsten Berg.<\/p>\n<p>&#8222;Marc Herter und die Hammer SPD haben sich unbeirrt auf den Weg gemacht, Hamm zur familienfreundlichsten Stadt zu machen und wurden daf\u00fcr von den W\u00e4hlerinnen und W\u00e4hlern belohnt&#8220;, erkl\u00e4rt Thorsten Berg. &#8222;Eine familienfreundliche Stadt steht auch auf meiner politischen Agenda ganz oben. Marc Herter hat als Oberb\u00fcrgermeister nicht nur von Familienfreundlichkeit gesprochen, er setzt sie auch um. Darum ist er ein hervorragender Gespr\u00e4chspartner&#8220;, erkl\u00e4rt der OB-Kandidat der SPD Oberhausen.<\/p>\n<p><!-- Moderiert wird der Talk erneut vom Referenten des Duisburger Oberb\u00fcrgermeisters S\u00f6ren Link, Heiko Blumenthal. --> Der Eintritt ist nat\u00fcrlich frei, alle interessierten B\u00fcrgerinnen und B\u00fcrger sind herzlich willkommen.<\/p>\n<div class='ajde_evcal_calendar eventon_single_event eventon_event evo_sin_box sev cev color esty_2' ><div class='evo-data'   data-ux_val='1' data-exturl='' data-mapscroll='true' data-mapformat='roadmap' data-mapzoom='16' ><\/div><div class='evo_cal_data' data-sc='{\"excerpt\":\"no\",\"expanded\":\"no\",\"ux_val\":1,\"exturl\":\"\",\"mapscroll\":\"true\",\"mapformat\":\"roadmap\",\"mapzoom\":\"16\",\"maps_load\":\"yes\"}'><\/div><div id='evcal_list' class='eventon_events_list '>Missing Event Data<\/div><\/div>\n","protected":false},"excerpt":{"rendered":"<p>Bei gro\u00dfer Resonanz hat das Format &#8222;Thorstens Talk im Turm&#8220; zweimal in diesem Kommunalwahlkampf interessierte B\u00fcrgerinnen und B\u00fcrger in den Hauptbahnhof gelockt. Wenige Tage vor der entscheidenden Stichwahl um das&hellip; <\/p>\n","protected":false},"author":1,"featured_media":0,"comment_status":"closed","ping_status":"closed","sticky":false,"template":"","format":"standard","meta":{"footnotes":""},"categories":[171,178],"tags":[4585,828,4223,4657,251,4224,4517,2453,4656,2323],"quellen":[327],"class_list":["post-13047","post","type-post","status-publish","format-standard","hentry","category-veranstaltungen","category-wahlen","tag-thorstens-talk-im-turm","tag-gdanska","tag-kommunalwahl-2025","tag-marc-herter","tag-ob-kandidat","tag-spd-ob-kandidat","tag-spd-oberbuergermeister-kandidat","tag-spd-oberbuergermeisterkandidat","tag-talk-im-gdanska","tag-thorsten-berg","quellen-spd-unterbezirk-oberhausen"],"_links":{"self":[{"href":"https:\/\/meier-gerdingh.de\/wp-spd-ob\/wp-json\/wp\/v2\/posts\/13047","targetHints":{"allow":["GET"]}}],"collection":[{"href":"https:\/\/meier-gerdingh.de\/wp-spd-ob\/wp-json\/wp\/v2\/posts"}],"about":[{"href":"https:\/\/meier-gerdingh.de\/wp-spd-ob\/wp-json\/wp\/v2\/types\/post"}],"author":[{"embeddable":true,"href":"https:\/\/meier-gerdingh.de\/wp-spd-ob\/wp-json\/wp\/v2\/users\/1"}],"replies":[{"embeddable":true,"href":"https:\/\/meier-gerdingh.de\/wp-spd-ob\/wp-json\/wp\/v2\/comments?post=13047"}],"version-history":[{"count":0,"href":"https:\/\/meier-gerdingh.de\/wp-spd-ob\/wp-json\/wp\/v2\/posts\/13047\/revisions"}],"wp:attachment":[{"href":"https:\/\/meier-gerdingh.de\/wp-spd-ob\/wp-json\/wp\/v2\/media?parent=13047"}],"wp:term":[{"taxonomy":"category","embeddable":true,"href":"https:\/\/meier-gerdingh.de\/wp-spd-ob\/wp-json\/wp\/v2\/categories?post=13047"},{"taxonomy":"post_tag","embeddable":true,"href":"https:\/\/meier-gerdingh.de\/wp-spd-ob\/wp-json\/wp\/v2\/tags?post=13047"},{"taxonomy":"quellen","embeddable":true,"href":"https:\/\/meier-gerdingh.de\/wp-spd-ob\/wp-json\/wp\/v2\/quellen?post=13047"}],"curies":[{"name":"wp","href":"https:\/\/api.w.org\/{rel}","templated":true}]}}