{"id":13053,"date":"2025-09-19T09:50:18","date_gmt":"2025-09-19T07:50:18","guid":{"rendered":"https:\/\/meier-gerdingh.de\/wp-spd-ob\/?p=13053"},"modified":"2025-09-20T18:29:14","modified_gmt":"2025-09-20T16:29:14","slug":"kommunalquote-aus-dem-bundes-sondervermoegen-festlegen","status":"publish","type":"post","link":"https:\/\/meier-gerdingh.de\/wp-spd-ob\/2025\/09\/19\/kommunalquote-aus-dem-bundes-sondervermoegen-festlegen\/","title":{"rendered":"Kommunalquote aus dem Bundes-Sonderverm\u00f6gen festlegen"},"content":{"rendered":"<p><a href=\"https:\/\/meier-gerdingh.de\/wp-spd-ob\/wp-content\/uploads\/2023\/03\/banner-diese-woche-im-landtag-01.jpg\"><img decoding=\"async\" class=\"aligncenter size-full wp-image-10267\" src=\"https:\/\/meier-gerdingh.de\/wp-spd-ob\/wp-content\/uploads\/2023\/03\/banner-diese-woche-im-landtag-01.jpg\" alt=\"\" width=\"700\" height=\"258\" srcset=\"https:\/\/meier-gerdingh.de\/wp-spd-ob\/wp-content\/uploads\/2023\/03\/banner-diese-woche-im-landtag-01.jpg 700w, https:\/\/meier-gerdingh.de\/wp-spd-ob\/wp-content\/uploads\/2023\/03\/banner-diese-woche-im-landtag-01-300x111.jpg 300w\" sizes=\"(max-width: 700px) 100vw, 700px\" \/><\/a>Die Kommunen tragen immer schon die Hauptlast bei der Umsetzung politischer Vorhaben. Von daher ist es nur angemessen, ihnen hierbei auch jetzt genug Spielraum zu geben. Das vom Bund aufgelegte Sonderverm\u00f6gen f\u00fcr Infrastruktur und Klimaneutralit\u00e4t stellt erhebliche Mittel f\u00fcr Investitionen in Klimaschutz, Mobilit\u00e4t, Transformation und Daseinsvorsorge bereit. Ohne die St\u00e4dte, Gemeinden und Kreise als erste Ebene staatlichen Handelns k\u00f6nnen diese Aufgaben nicht gelingen. Die Umsetzung der Energiewende, der Ausbau der Infrastruktur und die Sicherung des sozialen Zusammenhalts \u2013 alles das braucht die Mitwirkung starker Kommunen.<!--more--><\/p>\n<h3 class=\"spd-ob-crossheading\">Blick nach drau\u00dfen<\/h3>\n<p>Hier ist vielleicht ein Blick \u00fcber die Landesgrenzen hilfreich. In anderen Bundesl\u00e4ndern sind verbindliche Kommunalquoten vereinbart worden, teilweise erg\u00e4nzt durch Absprachen mit den kommunalen Spitzenverb\u00e4nden, um den St\u00e4dten und Gemeinden Planungssicherheit zu geben.<\/p>\n<p>In Nordrhein-Westfalen fehlt eine solche landeseigene Verpflichtung aber bislang. Damit bleibt unklar, in welchem Umfang die Kommunen von den Mitteln profitieren, und es fehlt ihnen die Verl\u00e4sslichkeit, um die dringend notwendigen Investitionen vorbereiten zu k\u00f6nnen.<\/p>\n<p>In Nordrhein-Westfalen existiert mit dem Gemeindefinanzierungsgesetz (GFG NRW) bereits ein etabliertes, transparentes und kommunal akzeptiertes Verteilungsinstrument. Es bietet einen anerkannten Schl\u00fcssel, um Mittel z\u00fcgig an die St\u00e4dte, Gemeinden und Kreise weiterzugeben. Auch f\u00fcr die Gelder aus dem Bundes-Sonderverm\u00f6gen ist dieses Verfahren die sachgerechteste und unb\u00fcrokratischste L\u00f6sung.<\/p>\n<p>&#8222;Leider tut die Landesregierung sich selbst in diesen herausfordernden Zeiten schwer Sachpolitik zu betreiben. Es sollte unverz\u00fcglich eine verbindliche Kommunalquote von mindestens 80 Prozent der Mittel aus dem Bundes-Sonderverm\u00f6gen bereitgestellt werden&#8220;, sagt die SPD-Landtagsabgeordnete Sonja Bongers.<\/p>\n<p>Dar\u00fcber hinaus sollte mit man den kommunalen Spitzenverb\u00e4nden schnellstm\u00f6glich in Verhandlungen eintreten, um die konkrete Ausgestaltung einer verbindlichen Beteiligungsquote am Bundes-Sonderverm\u00f6gen umzusetzen und eine landesseitige Aufstockung pr\u00fcfen, um den Kommunen noch gr\u00f6\u00dfere Handlungsspielr\u00e4ume zu verschaffen und bestehende Investitionsr\u00fcckst\u00e4nde wirksam abzubauen, so Bongers weiter.<\/p>\n","protected":false},"excerpt":{"rendered":"<p>Die Kommunen tragen immer schon die Hauptlast bei der Umsetzung politischer Vorhaben. Von daher ist es nur angemessen, ihnen hierbei auch jetzt genug Spielraum zu geben. Das vom Bund aufgelegte&hellip; <\/p>\n","protected":false},"author":1,"featured_media":0,"comment_status":"closed","ping_status":"closed","sticky":false,"template":"","format":"standard","meta":{"footnotes":""},"categories":[4120,98,216],"tags":[4661,577,563,4662,269,14,1383,4402,4663,1027],"quellen":[1317],"class_list":["post-13053","post","type-post","status-publish","format-standard","hentry","category-die-woche-im-landtag","category-finanzen","category-land","tag-bundes-sondervermoegen","tag-energiewende","tag-gemeindefinanzierungsgesetz","tag-gfg-nrw","tag-investitionen","tag-kommunalfinanzen","tag-kommunen","tag-sondervermoegen-infrastruktur","tag-verteilungsschluessel","tag-zukunftsinvestitionen","quellen-mdl-sonja-bongers"],"_links":{"self":[{"href":"https:\/\/meier-gerdingh.de\/wp-spd-ob\/wp-json\/wp\/v2\/posts\/13053","targetHints":{"allow":["GET"]}}],"collection":[{"href":"https:\/\/meier-gerdingh.de\/wp-spd-ob\/wp-json\/wp\/v2\/posts"}],"about":[{"href":"https:\/\/meier-gerdingh.de\/wp-spd-ob\/wp-json\/wp\/v2\/types\/post"}],"author":[{"embeddable":true,"href":"https:\/\/meier-gerdingh.de\/wp-spd-ob\/wp-json\/wp\/v2\/users\/1"}],"replies":[{"embeddable":true,"href":"https:\/\/meier-gerdingh.de\/wp-spd-ob\/wp-json\/wp\/v2\/comments?post=13053"}],"version-history":[{"count":0,"href":"https:\/\/meier-gerdingh.de\/wp-spd-ob\/wp-json\/wp\/v2\/posts\/13053\/revisions"}],"wp:attachment":[{"href":"https:\/\/meier-gerdingh.de\/wp-spd-ob\/wp-json\/wp\/v2\/media?parent=13053"}],"wp:term":[{"taxonomy":"category","embeddable":true,"href":"https:\/\/meier-gerdingh.de\/wp-spd-ob\/wp-json\/wp\/v2\/categories?post=13053"},{"taxonomy":"post_tag","embeddable":true,"href":"https:\/\/meier-gerdingh.de\/wp-spd-ob\/wp-json\/wp\/v2\/tags?post=13053"},{"taxonomy":"quellen","embeddable":true,"href":"https:\/\/meier-gerdingh.de\/wp-spd-ob\/wp-json\/wp\/v2\/quellen?post=13053"}],"curies":[{"name":"wp","href":"https:\/\/api.w.org\/{rel}","templated":true}]}}