{"id":13069,"date":"2025-10-01T20:24:04","date_gmt":"2025-10-01T18:24:04","guid":{"rendered":"https:\/\/meier-gerdingh.de\/wp-spd-ob\/?p=13069"},"modified":"2025-10-01T20:24:04","modified_gmt":"2025-10-01T18:24:04","slug":"gesamtschule-weierheide-besucht-den-landtag-in-duesseldorf","status":"publish","type":"post","link":"https:\/\/meier-gerdingh.de\/wp-spd-ob\/2025\/10\/01\/gesamtschule-weierheide-besucht-den-landtag-in-duesseldorf\/","title":{"rendered":"Gesamtschule Weierheide besucht den Landtag in D\u00fcsseldorf"},"content":{"rendered":"<div id=\"attachment_13065\" style=\"width: 710px\" class=\"wp-caption aligncenter\"><a href=\"https:\/\/meier-gerdingh.de\/wp-spd-ob\/wp-content\/uploads\/2025\/10\/mdl-stefan-zimkeit-besuch-gs-weierheide-lg.jpg\"><img aria-describedby=\"caption-attachment-13065\" decoding=\"async\" class=\"size-full wp-image-13065\" src=\"https:\/\/meier-gerdingh.de\/wp-spd-ob\/wp-content\/uploads\/2025\/10\/mdl-stefan-zimkeit-besuch-gs-weierheide.jpg\" alt=\"MdL Stefan Zimkeit mit\" width=\"700\" height=\"368\" srcset=\"https:\/\/meier-gerdingh.de\/wp-spd-ob\/wp-content\/uploads\/2025\/10\/mdl-stefan-zimkeit-besuch-gs-weierheide.jpg 700w, https:\/\/meier-gerdingh.de\/wp-spd-ob\/wp-content\/uploads\/2025\/10\/mdl-stefan-zimkeit-besuch-gs-weierheide-300x158.jpg 300w\" sizes=\"(max-width: 700px) 100vw, 700px\" \/><\/a><p id=\"caption-attachment-13065\" class=\"wp-caption-text\">MdL Stefan Zimkeit mit der Besuchergruppe von Sch\u00fclerinnen und Sch\u00fclern der Gesamtschule Weierheide<\/p><\/div>\n<p>Als die Jahrgangsstufe 8 der Gesamtschule Weierheide den Landtag besuchte, prasselten viele Fragen auf Stefan Zimkeit ein. Der Sterkrader Abgeordnete freute sich \u00fcber das Kennenlernen, zumal er in der unmittelbaren Nachbarschaft der Schule wohnt. Ihm ist deshalb auch deren angespannte r\u00e4umliche Situation bekannt. Er ist der Meinung, dass das Land NRW die Verantwortung daf\u00fcr nicht bei der Stadt Oberhausen abladen darf.<\/p>\n<p>&#8222;Das Land muss mehr Geld in die Hand nehmen, um die bauliche Situation und die Ausstattung von Schulen zu verbessern&#8220;, sagte Stefan Zimkeit. Lob gab es von seiner Seite f\u00fcr die Bundesregierung. Diese stelle Investitionsmittel in gro\u00dfer Menge zur Verf\u00fcgung. Zimkeit hofft, dass davon viel Geld an die St\u00e4dte flie\u00dft. &#8222;Denn vor Ort wissen wir am besten, wo gebaut oder saniert werden muss.&#8220;<!--more--><\/p>\n<p>Mit deutlichen Worten wandte sich Zimkeit gegen Vorurteile, mit denen Gesamtschulen immer noch konfrontiert werden, sowie gegen &#8222;Schubladen&#8220;, in die Sch\u00fclerinnen und Sch\u00fcler je nach Schulform gesteckt werden. &#8222;Auf welche Schule man geht, sagt nichts \u00fcber Intelligenz aus. Es sagt etwas dar\u00fcber aus, welche Startchancen man hatte, welcher Herkunft man ist und wie reich die Eltern sind.&#8220; Es sei Aufgabe der Bildungspolitik, hier f\u00fcr mehr Chancengleichheit zu sorgen, betonte Stefan Zimkeit, der selbst die Gesamtschule Osterfeld besucht hatte.<\/p>\n<p>Auf die Frage eines Sch\u00fclers, mit welchen Parteien er zusammenarbeite, antwortete der SPD-Abgeordnete: &#8222;Mit allen demokratischen Parteien.&#8220; Das sei aus seiner Sicht selbstverst\u00e4ndlich, genauso wie er Kontakte zur AfD konsequent ablehnt. &#8222;Das ist eine rechtsextreme Partei&#8220;, sagte Zimkeit und verwies auf die Erkenntnisse des Verfassungsschutzes. Die AfD stehe f\u00fcr &#8222;Hetze und Verachtung gegen Menschen, die anders sind&#8220;.<\/p>\n","protected":false},"excerpt":{"rendered":"<p>Als die Jahrgangsstufe 8 der Gesamtschule Weierheide den Landtag besuchte, prasselten viele Fragen auf Stefan Zimkeit ein. Der Sterkrader Abgeordnete freute sich \u00fcber das Kennenlernen, zumal er in der unmittelbaren&hellip; <\/p>\n","protected":false},"author":1,"featured_media":0,"comment_status":"closed","ping_status":"closed","sticky":false,"template":"","format":"standard","meta":{"footnotes":""},"categories":[216,2],"tags":[2532,4672,558,1427,2457,660,4671],"quellen":[331],"class_list":["post-13069","post","type-post","status-publish","format-standard","hentry","category-land","category-schule","tag-bildungsgerechtigkeit","tag-chancengerechtigekeit","tag-gesamtschule-osterfeld","tag-gesamtschule-weierheide","tag-gesamtschulen","tag-landtagsbesuch","tag-startchancen","quellen-mdl-stefan-zimkeit"],"_links":{"self":[{"href":"https:\/\/meier-gerdingh.de\/wp-spd-ob\/wp-json\/wp\/v2\/posts\/13069","targetHints":{"allow":["GET"]}}],"collection":[{"href":"https:\/\/meier-gerdingh.de\/wp-spd-ob\/wp-json\/wp\/v2\/posts"}],"about":[{"href":"https:\/\/meier-gerdingh.de\/wp-spd-ob\/wp-json\/wp\/v2\/types\/post"}],"author":[{"embeddable":true,"href":"https:\/\/meier-gerdingh.de\/wp-spd-ob\/wp-json\/wp\/v2\/users\/1"}],"replies":[{"embeddable":true,"href":"https:\/\/meier-gerdingh.de\/wp-spd-ob\/wp-json\/wp\/v2\/comments?post=13069"}],"version-history":[{"count":0,"href":"https:\/\/meier-gerdingh.de\/wp-spd-ob\/wp-json\/wp\/v2\/posts\/13069\/revisions"}],"wp:attachment":[{"href":"https:\/\/meier-gerdingh.de\/wp-spd-ob\/wp-json\/wp\/v2\/media?parent=13069"}],"wp:term":[{"taxonomy":"category","embeddable":true,"href":"https:\/\/meier-gerdingh.de\/wp-spd-ob\/wp-json\/wp\/v2\/categories?post=13069"},{"taxonomy":"post_tag","embeddable":true,"href":"https:\/\/meier-gerdingh.de\/wp-spd-ob\/wp-json\/wp\/v2\/tags?post=13069"},{"taxonomy":"quellen","embeddable":true,"href":"https:\/\/meier-gerdingh.de\/wp-spd-ob\/wp-json\/wp\/v2\/quellen?post=13069"}],"curies":[{"name":"wp","href":"https:\/\/api.w.org\/{rel}","templated":true}]}}