{"id":13072,"date":"2025-10-09T19:17:37","date_gmt":"2025-10-09T17:17:37","guid":{"rendered":"https:\/\/meier-gerdingh.de\/wp-spd-ob\/?p=13072"},"modified":"2025-10-09T19:17:37","modified_gmt":"2025-10-09T17:17:37","slug":"monatliche-heizkosteninformation-und-transparente-energiepreisgestaltung-verpflichtend-umsetzen","status":"publish","type":"post","link":"https:\/\/meier-gerdingh.de\/wp-spd-ob\/2025\/10\/09\/monatliche-heizkosteninformation-und-transparente-energiepreisgestaltung-verpflichtend-umsetzen\/","title":{"rendered":"Monatliche Heizkosteninformation und transparente Energiepreisgestaltung verpflichtend umsetzen"},"content":{"rendered":"<p><a href=\"https:\/\/meier-gerdingh.de\/wp-spd-ob\/wp-content\/uploads\/2023\/03\/banner-diese-woche-im-landtag-01.jpg\"><img decoding=\"async\" class=\"aligncenter size-full wp-image-10267\" src=\"https:\/\/meier-gerdingh.de\/wp-spd-ob\/wp-content\/uploads\/2023\/03\/banner-diese-woche-im-landtag-01.jpg\" alt=\"\" width=\"700\" height=\"258\" srcset=\"https:\/\/meier-gerdingh.de\/wp-spd-ob\/wp-content\/uploads\/2023\/03\/banner-diese-woche-im-landtag-01.jpg 700w, https:\/\/meier-gerdingh.de\/wp-spd-ob\/wp-content\/uploads\/2023\/03\/banner-diese-woche-im-landtag-01-300x111.jpg 300w\" sizes=\"(max-width: 700px) 100vw, 700px\" \/><\/a>Die stark schwankenden Energiepreise der vergangenen Jahre haben gezeigt, wie verletzlich private Haushalte gegen\u00fcber schwankenden M\u00e4rkten sind. Trotz der inzwischen stabilisierten Versorgungslage sind die Energiepreise auch im Jahr 2025 deutlich h\u00f6her als noch vor Beginn des russischen Angriffskrieges gegen die Ukraine. Besonders Heiz- und Stromkosten bleiben f\u00fcr viele B\u00fcrgerinnen und B\u00fcrger in Nordrhein-Westfalen eine erhebliche Belastung. Zwischen 2020 und 2024 hat sich der durchschnittliche Verbraucherpreis f\u00fcr Gas- und Stromkosten nahezu verdoppelt.<\/p>\n<p>Hinzu kommen steigende Lebenshaltungskosten, die den finanziellen Spielraum zahlreicher Haushalte einschr\u00e4nken. &#8222;Viele berufst\u00e4tige Familien, Alleinerziehende und Seniorinnen und Senioren stehen unter erheblichem Druck. Eine wirksame Entlastung besteht nicht nur in direkten Preisst\u00fctzungsma\u00dfnahmen, sondern auch darin, den Verbraucherinnen und Verbrauchern bessere Instrumente an die Hand zu geben, um ihren eigenen Energieverbrauch zu verstehen, Einsparpotenziale zu erkennen und damit Kosten zu senken. Transparenz ist hierbei ein entscheidender Schl\u00fcssel&#8220;, so die SPD-Politikerin Sonja Bongers.<!--more--><\/p>\n<h3 class=\"spd-ob-crossheading\">Neues Gesetz<\/h3>\n<p>Die derzeitige Praxis der j\u00e4hrlichen Heizkostenabrechnung gen\u00fcge diesen Anforderungen nicht. Sie informiere die Verbraucherinnen und Verbraucher erst mit erheblicher zeitlicher Verz\u00f6gerung \u00fcber ihren Energieverbrauch und die damit verbundenen Kosten. Eine Anpassung des Verbrauchsverhaltens sei dann oftmals nicht mehr m\u00f6glich. Zwar seien Vermieter\/-innen seit dem 1. Dezember 2022 laut Heizkostenverordnung bei vorhandenen fernablesbaren Z\u00e4hlern verpflichtet, monatliche Verbrauchs\u00fcbersichten bereitzustellen, doch geschehe dies in der Praxis h\u00e4ufig nicht.<\/p>\n<p>Auch die damit verbundenen Rechte der Verbraucher\/-innen \u2013 wie etwa die pauschale K\u00fcrzung der Heiz- und Warmwasserkostenabrechnung um drei Prozent \u2013 w\u00fcrden aufgrund mangelnder Transparenz bislang selten wahrgenommen, so Bongers weiter. &#8222;Es ist nun an der Zeit eine Gesetzesinitiative auf den Weg zu bringen, die folgende Regelungen vorsieht: Die verpflichtende Bereitstellung einer monatlichen, digitalen oder postalischen Heizkosteninformation f\u00fcr alle Mieter\/-innen und Eigent\u00fcmer\/-innen und die Einf\u00fchrung eines standardisierten Preisinformationsblatts bei Preisanpassungen durch Energieversorgungsunternehmen.&#8220;<\/p>\n<p>Dies k\u00f6nne gemeinsam mit der Verbraucherzentrale NRW, dem Deutschen Mieterbund, der Wohnungswirtschaft, den kommunalen Energieversorgern und der Digitalagentur NRW \u00fcber ein landesweites Pilotprojekt zur Einf\u00fchrung digitaler Verbrauchs\u00fcbersichten umgesetzt werden.<\/p>\n","protected":false},"excerpt":{"rendered":"<p>Die stark schwankenden Energiepreise der vergangenen Jahre haben gezeigt, wie verletzlich private Haushalte gegen\u00fcber schwankenden M\u00e4rkten sind. Trotz der inzwischen stabilisierten Versorgungslage sind die Energiepreise auch im Jahr 2025 deutlich&hellip; <\/p>\n","protected":false},"author":1,"featured_media":0,"comment_status":"closed","ping_status":"closed","sticky":false,"template":"","format":"standard","meta":{"footnotes":""},"categories":[4120,3568,216],"tags":[4682,4677,3179,3178,4678,3253,4679,4681,4680,3255,4676],"quellen":[1317],"class_list":["post-13072","post","type-post","status-publish","format-standard","hentry","category-die-woche-im-landtag","category-energiewende","category-land","tag-digitale-verbrauchsuebersichten","tag-energieeinsparung","tag-energiekosten","tag-energiepreise","tag-energieverbrauch","tag-heizkosten","tag-heizkostenabrechnung","tag-heizkosteninformation","tag-heizkostenverordnung","tag-stromkosten","tag-strompreise","quellen-mdl-sonja-bongers"],"_links":{"self":[{"href":"https:\/\/meier-gerdingh.de\/wp-spd-ob\/wp-json\/wp\/v2\/posts\/13072","targetHints":{"allow":["GET"]}}],"collection":[{"href":"https:\/\/meier-gerdingh.de\/wp-spd-ob\/wp-json\/wp\/v2\/posts"}],"about":[{"href":"https:\/\/meier-gerdingh.de\/wp-spd-ob\/wp-json\/wp\/v2\/types\/post"}],"author":[{"embeddable":true,"href":"https:\/\/meier-gerdingh.de\/wp-spd-ob\/wp-json\/wp\/v2\/users\/1"}],"replies":[{"embeddable":true,"href":"https:\/\/meier-gerdingh.de\/wp-spd-ob\/wp-json\/wp\/v2\/comments?post=13072"}],"version-history":[{"count":0,"href":"https:\/\/meier-gerdingh.de\/wp-spd-ob\/wp-json\/wp\/v2\/posts\/13072\/revisions"}],"wp:attachment":[{"href":"https:\/\/meier-gerdingh.de\/wp-spd-ob\/wp-json\/wp\/v2\/media?parent=13072"}],"wp:term":[{"taxonomy":"category","embeddable":true,"href":"https:\/\/meier-gerdingh.de\/wp-spd-ob\/wp-json\/wp\/v2\/categories?post=13072"},{"taxonomy":"post_tag","embeddable":true,"href":"https:\/\/meier-gerdingh.de\/wp-spd-ob\/wp-json\/wp\/v2\/tags?post=13072"},{"taxonomy":"quellen","embeddable":true,"href":"https:\/\/meier-gerdingh.de\/wp-spd-ob\/wp-json\/wp\/v2\/quellen?post=13072"}],"curies":[{"name":"wp","href":"https:\/\/api.w.org\/{rel}","templated":true}]}}