{"id":13077,"date":"2025-10-15T16:47:06","date_gmt":"2025-10-15T14:47:06","guid":{"rendered":"https:\/\/meier-gerdingh.de\/wp-spd-ob\/?p=13077"},"modified":"2025-10-15T16:47:06","modified_gmt":"2025-10-15T14:47:06","slug":"oberhausens-jugendparlament-besucht-den-landtag","status":"publish","type":"post","link":"https:\/\/meier-gerdingh.de\/wp-spd-ob\/2025\/10\/15\/oberhausens-jugendparlament-besucht-den-landtag\/","title":{"rendered":"Oberhausens Jugendparlament besucht den Landtag"},"content":{"rendered":"<div id=\"attachment_13075\" style=\"width: 710px\" class=\"wp-caption aligncenter\"><a href=\"https:\/\/meier-gerdingh.de\/wp-spd-ob\/wp-content\/uploads\/2025\/10\/ob-jugendparlament-landtagsbesuch-lg.jpg\"><img aria-describedby=\"caption-attachment-13075\" decoding=\"async\" class=\"size-full wp-image-13075\" src=\"https:\/\/meier-gerdingh.de\/wp-spd-ob\/wp-content\/uploads\/2025\/10\/ob-jugendparlament-landtagsbesuch.jpg\" alt=\"\" width=\"700\" height=\"403\" srcset=\"https:\/\/meier-gerdingh.de\/wp-spd-ob\/wp-content\/uploads\/2025\/10\/ob-jugendparlament-landtagsbesuch.jpg 700w, https:\/\/meier-gerdingh.de\/wp-spd-ob\/wp-content\/uploads\/2025\/10\/ob-jugendparlament-landtagsbesuch-300x173.jpg 300w\" sizes=\"(max-width: 700px) 100vw, 700px\" \/><\/a><p id=\"caption-attachment-13075\" class=\"wp-caption-text\">Der Sterkrader Landtagsabgeordnete Stefan Zimkeit empfing eine Besuchergruppe des Oberhausener Jugendparlaments im Landtag<\/p><\/div>\n<p>Der Landtagsabgeordnete Stefan Zimkeit traf sich in D\u00fcsseldorf mit dem Jugendparlament Oberhausen, um \u00fcber zentrale Themen wie Bildungspolitik, Chancengleichheit und die Entwicklung der Stadt zu sprechen. Zimkeit berichtete aus der Landtagsdebatte, dass eine DGB-Studie zur Chancenungleichheit alarmierende Ergebnisse gezeigt habe. &#8222;Kinder aus dem Ruhrgebiet haben deutlich schlechtere Bildungs- und Berufschancen als Gleichaltrige aus St\u00e4dten wie D\u00fcsseldorf \u2013 besonders dann, wenn ihre Eltern keinen h\u00f6heren Bildungsabschluss besitzen.&#8220;<\/p>\n<p>Eine Enquete-Kommission &#8222;Chancengleichheit in der Bildung&#8220;, die soeben ihren Abschlussbericht dem Landtag vorgelegt hat, sei zu \u00e4hnlichen Erkenntnissen gekommen. &#8222;Der Bericht listet 248 konkrete Handlungsempfehlungen auf, auf die sich die demokratischen Parteien geeinigt haben&#8220;, sagte Zimkeit und f\u00fcgte hinzu: &#8222;Ich hoffe, dass nun Bewegung in die Bildungspolitik kommt.&#8220;<!--more--><\/p>\n<p>&#8222;Die Ausstattung der Schulen, gerade auch in Oberhausen, muss dringend verbessert werden&#8220;, forderte Zimkeit und wies gleichzeitig auf die finanziell angespannte Lage Oberhausens hin.<\/p>\n<p>Auf die Frage, was NRW tun k\u00f6nne, damit Oberhausen finanziell besser dasteht und f\u00fcr die Wirtschaft attraktiver wird, wies Zimkeit auf die anstehende Entlastung bei den Altschulden hin. &#8222;Sie sorgt daf\u00fcr, dass Oberhausen investieren und die sehr hohe Gewerbesteuer senken kann.&#8220;<\/p>\n<p>Leider sei die zentrale Verkehrslage bei Schiene und Stra\u00dfe wegen der permanenten Baustellen und Staus kein Aush\u00e4ngeschild mehr und Oberhausen habe in Bezug auf die Fachkr\u00e4fteversorgung den Standortnachteil, keine eigene Hochschule zu haben. Zimkeit forderte deshalb, dass die Landesregierung daf\u00fcr sorgt, dass eine Stadt wie Oberhausen bei der Verteilung der Mittel aus dem Sonderverm\u00f6gen des Bundes fair ber\u00fccksichtigt wird.<\/p>\n<p>Zum Abschied sagte Stefan Zimkeit: &#8222;Demokratie ist nicht selbstverst\u00e4ndlich.&#8220; In vielen L\u00e4ndern ist sie akut bedroht, aktuell ganz besonders in den USA. Der Landtagsabgeordnete ermunterte die nach D\u00fcsseldorf gekommenen Jugendlichen, sich weiterhin f\u00fcr die Demokratie und die Zukunft der Gesellschaft zu engagieren. Er bedankte sich sehr herzlich f\u00fcr ihren vorbildlichen Einsatz im Jugendparlament.<\/p>\n","protected":false},"excerpt":{"rendered":"<p>Der Landtagsabgeordnete Stefan Zimkeit traf sich in D\u00fcsseldorf mit dem Jugendparlament Oberhausen, um \u00fcber zentrale Themen wie Bildungspolitik, Chancengleichheit und die Entwicklung der Stadt zu sprechen. Zimkeit berichtete aus der&hellip; <\/p>\n","protected":false},"author":1,"featured_media":0,"comment_status":"closed","ping_status":"closed","sticky":false,"template":"","format":"standard","meta":{"footnotes":""},"categories":[179,216],"tags":[244,4686,527,660],"quellen":[331],"class_list":["post-13077","post","type-post","status-publish","format-standard","hentry","category-kinder-und-jugendliche","category-land","tag-chancengleichheit","tag-chancengleichheit-in-der-bildung","tag-jugendparlament","tag-landtagsbesuch","quellen-mdl-stefan-zimkeit"],"_links":{"self":[{"href":"https:\/\/meier-gerdingh.de\/wp-spd-ob\/wp-json\/wp\/v2\/posts\/13077","targetHints":{"allow":["GET"]}}],"collection":[{"href":"https:\/\/meier-gerdingh.de\/wp-spd-ob\/wp-json\/wp\/v2\/posts"}],"about":[{"href":"https:\/\/meier-gerdingh.de\/wp-spd-ob\/wp-json\/wp\/v2\/types\/post"}],"author":[{"embeddable":true,"href":"https:\/\/meier-gerdingh.de\/wp-spd-ob\/wp-json\/wp\/v2\/users\/1"}],"replies":[{"embeddable":true,"href":"https:\/\/meier-gerdingh.de\/wp-spd-ob\/wp-json\/wp\/v2\/comments?post=13077"}],"version-history":[{"count":0,"href":"https:\/\/meier-gerdingh.de\/wp-spd-ob\/wp-json\/wp\/v2\/posts\/13077\/revisions"}],"wp:attachment":[{"href":"https:\/\/meier-gerdingh.de\/wp-spd-ob\/wp-json\/wp\/v2\/media?parent=13077"}],"wp:term":[{"taxonomy":"category","embeddable":true,"href":"https:\/\/meier-gerdingh.de\/wp-spd-ob\/wp-json\/wp\/v2\/categories?post=13077"},{"taxonomy":"post_tag","embeddable":true,"href":"https:\/\/meier-gerdingh.de\/wp-spd-ob\/wp-json\/wp\/v2\/tags?post=13077"},{"taxonomy":"quellen","embeddable":true,"href":"https:\/\/meier-gerdingh.de\/wp-spd-ob\/wp-json\/wp\/v2\/quellen?post=13077"}],"curies":[{"name":"wp","href":"https:\/\/api.w.org\/{rel}","templated":true}]}}