{"id":13084,"date":"2025-10-30T16:27:31","date_gmt":"2025-10-30T15:27:31","guid":{"rendered":"https:\/\/meier-gerdingh.de\/wp-spd-ob\/?p=13084"},"modified":"2025-10-30T16:27:31","modified_gmt":"2025-10-30T15:27:31","slug":"manuel-prohl-fuehrt-die-spd-ratsfraktion","status":"publish","type":"post","link":"https:\/\/meier-gerdingh.de\/wp-spd-ob\/2025\/10\/30\/manuel-prohl-fuehrt-die-spd-ratsfraktion\/","title":{"rendered":"Manuel Prohl f\u00fchrt die SPD-Ratsfraktion"},"content":{"rendered":"<div id=\"attachment_13082\" style=\"width: 710px\" class=\"wp-caption aligncenter\"><a href=\"https:\/\/meier-gerdingh.de\/wp-spd-ob\/wp-content\/uploads\/2025\/10\/spd-fraktion-gf-vorstand-25-10-29-lg.jpg\"><img aria-describedby=\"caption-attachment-13082\" decoding=\"async\" class=\"size-full wp-image-13082\" src=\"https:\/\/meier-gerdingh.de\/wp-spd-ob\/wp-content\/uploads\/2025\/10\/spd-fraktion-gf-vorstand-25-10-29.jpg\" alt=\"\" width=\"700\" height=\"485\" srcset=\"https:\/\/meier-gerdingh.de\/wp-spd-ob\/wp-content\/uploads\/2025\/10\/spd-fraktion-gf-vorstand-25-10-29.jpg 700w, https:\/\/meier-gerdingh.de\/wp-spd-ob\/wp-content\/uploads\/2025\/10\/spd-fraktion-gf-vorstand-25-10-29-300x208.jpg 300w, https:\/\/meier-gerdingh.de\/wp-spd-ob\/wp-content\/uploads\/2025\/10\/spd-fraktion-gf-vorstand-25-10-29-330x230.jpg 330w\" sizes=\"(max-width: 700px) 100vw, 700px\" \/><\/a><p id=\"caption-attachment-13082\" class=\"wp-caption-text\">Das Foto zeigt (von links nach rechts): Die beiden stellvertretenden Fraktionsvorsitzenden Denise Horn und Silke Wilts, den Fraktionsvorsitzenden Manuel Prohl, seine Vorg\u00e4ngerin und Kandidatin f\u00fcr das B\u00fcrgermeisteramt, Sonja Bongers sowie den k\u00fcnftigen Oberb\u00fcrgermeister der Stadt Oberhausen, Thorsten Berg<\/p><\/div>\n<p>Nach der f\u00fcr die SPD erfolgreich verlaufenen Kommunalwahl mit dem Triumph von Thorsten Berg in der Oberb\u00fcrgermeister-Stichwahl stellt sich die Ratsfraktion neu auf: Manuel Prohl f\u00fchrt k\u00fcnftig die SPD-Ratsfraktion als Vorsitzender, seine Stellvertreterinnen hei\u00dfen Denise Horn und Silke Wilts. Dies haben die Wahlen im Rahmen der konstituierenden Fraktionssitzung der Oberhausener Sozialdemokraten am Mittwoch ergeben. Die Landtagsabgeordnete Sonja Bongers, die der Fraktion seit 2019 vorstand, wurde bei 15 Ja-Stimmen und einer Enthaltung zur Kandidatin f\u00fcr das Amt der B\u00fcrgermeisterin nominiert.<!--more--><\/p>\n<p>&#8222;Leben hei\u00dft Ver\u00e4nderung. Gerne werde ich allen Oberhausenerinnen und Oberhausenern eine gute B\u00fcrgermeisterin sein und werde meine ganze politische Erfahrung im Zusammenspiel mit unserem Oberb\u00fcrgermeister Thorsten Berg einbringen&#8220;, erkl\u00e4rte Sonja Bongers nach ihrer Wahl.<\/p>\n<p>Manuel Prohl wurde einstimmig gew\u00e4hlt, Denise Horn erhielt 13 Stimmen und Silke Wilts 15 Stimmen. Der 33-j\u00e4hrige Prohl, der bereits als stellvertretender Fraktionsvorsitzender agierte, dankte seiner Vorg\u00e4ngerin Sonja Bongers. Diese habe in einer schwierigen \u00dcbergangszeit die Aufgabe der Fraktionsvorsitzenden \u00fcbernommen. &#8222;F\u00fcr diese Bereitschaft und die bisher geleistete Arbeit geb\u00fchrt dir gro\u00dfer Dank&#8220;, so Prohl.<\/p>\n<p>Der bei der evo angestellte Portfolio-Manager forderte seine Fraktion auf, gemeinsam an einer sozial gerechten, funktionierenden, liebens- und lebenswerten Stadt f\u00fcr alle zu arbeiten. &#8222;Um das zu erreichen, m\u00fcssen wir zuh\u00f6ren und da, wo es notwendig ist, schlichten, Interessen ausgleichen, nach Kompromissen und pragmatischen L\u00f6sungen suchen&#8220;, so Prohl weiter.<\/p>\n<p>In den sechsk\u00f6pfigen Vorstand wurden au\u00dferdem gew\u00e4hlt: Helga Grothe, Dr. J\u00f6rg Schr\u00f6er, Dietmar Look, Axel Scherer, Dagmar Heitmann und Helmut Brodrick.<\/p>\n","protected":false},"excerpt":{"rendered":"<p>Nach der f\u00fcr die SPD erfolgreich verlaufenen Kommunalwahl mit dem Triumph von Thorsten Berg in der Oberb\u00fcrgermeister-Stichwahl stellt sich die Ratsfraktion neu auf: Manuel Prohl f\u00fchrt k\u00fcnftig die SPD-Ratsfraktion als&hellip; <\/p>\n","protected":false},"author":1,"featured_media":0,"comment_status":"closed","ping_status":"closed","sticky":false,"template":"","format":"standard","meta":{"footnotes":""},"categories":[2169,178],"tags":[4689,816,4691,4690],"quellen":[326],"class_list":["post-13084","post","type-post","status-publish","format-standard","hentry","category-personalien","category-wahlen","tag-fraktionsvorsitz","tag-fraktionsvorstand","tag-konstituierung-spd-ratsfraktion","tag-personalentscheidungen","quellen-spd-fraktion-oberhausen"],"_links":{"self":[{"href":"https:\/\/meier-gerdingh.de\/wp-spd-ob\/wp-json\/wp\/v2\/posts\/13084","targetHints":{"allow":["GET"]}}],"collection":[{"href":"https:\/\/meier-gerdingh.de\/wp-spd-ob\/wp-json\/wp\/v2\/posts"}],"about":[{"href":"https:\/\/meier-gerdingh.de\/wp-spd-ob\/wp-json\/wp\/v2\/types\/post"}],"author":[{"embeddable":true,"href":"https:\/\/meier-gerdingh.de\/wp-spd-ob\/wp-json\/wp\/v2\/users\/1"}],"replies":[{"embeddable":true,"href":"https:\/\/meier-gerdingh.de\/wp-spd-ob\/wp-json\/wp\/v2\/comments?post=13084"}],"version-history":[{"count":0,"href":"https:\/\/meier-gerdingh.de\/wp-spd-ob\/wp-json\/wp\/v2\/posts\/13084\/revisions"}],"wp:attachment":[{"href":"https:\/\/meier-gerdingh.de\/wp-spd-ob\/wp-json\/wp\/v2\/media?parent=13084"}],"wp:term":[{"taxonomy":"category","embeddable":true,"href":"https:\/\/meier-gerdingh.de\/wp-spd-ob\/wp-json\/wp\/v2\/categories?post=13084"},{"taxonomy":"post_tag","embeddable":true,"href":"https:\/\/meier-gerdingh.de\/wp-spd-ob\/wp-json\/wp\/v2\/tags?post=13084"},{"taxonomy":"quellen","embeddable":true,"href":"https:\/\/meier-gerdingh.de\/wp-spd-ob\/wp-json\/wp\/v2\/quellen?post=13084"}],"curies":[{"name":"wp","href":"https:\/\/api.w.org\/{rel}","templated":true}]}}