{"id":131,"date":"2000-03-29T16:00:00","date_gmt":"2000-03-29T14:00:00","guid":{"rendered":"http:\/\/www.meier-gerdingh.de\/spd-oberhausen\/wp\/?p=131"},"modified":"2017-05-01T12:55:38","modified_gmt":"2017-05-01T10:55:38","slug":"erfreuliche-bilanz-und-ermutigender-ausblick","status":"publish","type":"post","link":"https:\/\/meier-gerdingh.de\/wp-spd-ob\/2000\/03\/29\/erfreuliche-bilanz-und-ermutigender-ausblick\/","title":{"rendered":"&#8222;Erfreuliche Bilanz und ermutigender Ausblick&#8220;,"},"content":{"rendered":"<div style=\"width: 150px\" class=\"wp-caption alignleft\"><a href=\"http:\/\/meier-gerdingh.de\/wp-spd-ob\/wp-content\/uploads\/groschek.jpg\"><img decoding=\"async\" class=\"size-full\" src=\"http:\/\/meier-gerdingh.de\/wp-spd-ob\/wp-content\/uploads\/groschek.jpg\" alt=\"Michael Groschek\" width=\"140\" height=\"180\" \/><\/a><p class=\"wp-caption-text\">Michael Groschek<\/p><\/div>\n<p>dies ist nach Einsch\u00e4tzung der SPD-Fraktion die Quintessenz des gestrigen Er\u00f6rterungstermins zur Finanzpr\u00fcfung des Gemeindepr\u00fcfungsamtes f\u00fcr die Haushaltsjahre 1997 und 1998 der Stadt Oberhausen.<!--more--><\/p>\n<p>Besonders erfreulich, so Michael Groschek als Vorsitzender der Fraktion und des Finanzausschusses. ist f\u00fcr uns das dicke Lob f\u00fcr das qualifizierte Personalmanagement, wo, so die Pr\u00fcfer der Kommunalaufsicht, Oberhausen den meisten anderen St\u00e4dten weit voraus sei, und die \u00fcberaus positive Entwicklung zur\u00fcckgehender Sozialhilfekosten bei gleichzeitig erfreulich ansteigenden Vermittlungsquoten arbeitsloser Sozialhilfeempf\u00e4nger in Besch\u00e4ftigungs- und Qualifizierungsma\u00dfnahmen.<\/p>\n<p>Kritik an den deutlich gestiegenen freiwilligen Ausgaben f\u00fcr die Sozialverb\u00e4nde, Sportvereine und Jugend- bzw. Kulturinitiativen wies Groschek zur\u00fcck. Unterst\u00fctzt von Oberb\u00fcrgermeister Burkhard Drescher verwies er darauf, dass die Steigerungen bei den freiwilligen Aufgaben eine bewusst verantwortete soziale Zeichensetzung sind. Das Miteinander von Vereinen und Verb\u00e4nden auf der einen und Rat und Verwaltung auf der anderen Seite d\u00fcrfe nicht geschw\u00e4cht, sondern m\u00fcsse vielmehr weiter abgesichert werden. Hier\u00fcber wolle man gerne mit der Kommunalaufsicht im intensiven Gespr\u00e4ch bleiben.<\/p>\n<p>Bei der Kalkulation von Geb\u00fchrenhaushalten und Abrechnungsmodalit\u00e4ten der Verwaltung gab es unterschiedliche Auffassungen, die im zust\u00e4ndigen Rechnungspr\u00fcfungsausschuss weiter zu kl\u00e4ren sind.<\/p>\n","protected":false},"excerpt":{"rendered":"<p>dies ist nach Einsch\u00e4tzung der SPD-Fraktion die Quintessenz des gestrigen Er\u00f6rterungstermins zur Finanzpr\u00fcfung des Gemeindepr\u00fcfungsamtes f\u00fcr die Haushaltsjahre 1997 und 1998 der Stadt Oberhausen.<\/p>\n","protected":false},"author":1,"featured_media":0,"comment_status":"closed","ping_status":"closed","sticky":false,"template":"","format":"standard","meta":{"footnotes":""},"categories":[1],"tags":[],"quellen":[],"class_list":["post-131","post","type-post","status-publish","format-standard","hentry","category-allgemein"],"_links":{"self":[{"href":"https:\/\/meier-gerdingh.de\/wp-spd-ob\/wp-json\/wp\/v2\/posts\/131","targetHints":{"allow":["GET"]}}],"collection":[{"href":"https:\/\/meier-gerdingh.de\/wp-spd-ob\/wp-json\/wp\/v2\/posts"}],"about":[{"href":"https:\/\/meier-gerdingh.de\/wp-spd-ob\/wp-json\/wp\/v2\/types\/post"}],"author":[{"embeddable":true,"href":"https:\/\/meier-gerdingh.de\/wp-spd-ob\/wp-json\/wp\/v2\/users\/1"}],"replies":[{"embeddable":true,"href":"https:\/\/meier-gerdingh.de\/wp-spd-ob\/wp-json\/wp\/v2\/comments?post=131"}],"version-history":[{"count":0,"href":"https:\/\/meier-gerdingh.de\/wp-spd-ob\/wp-json\/wp\/v2\/posts\/131\/revisions"}],"wp:attachment":[{"href":"https:\/\/meier-gerdingh.de\/wp-spd-ob\/wp-json\/wp\/v2\/media?parent=131"}],"wp:term":[{"taxonomy":"category","embeddable":true,"href":"https:\/\/meier-gerdingh.de\/wp-spd-ob\/wp-json\/wp\/v2\/categories?post=131"},{"taxonomy":"post_tag","embeddable":true,"href":"https:\/\/meier-gerdingh.de\/wp-spd-ob\/wp-json\/wp\/v2\/tags?post=131"},{"taxonomy":"quellen","embeddable":true,"href":"https:\/\/meier-gerdingh.de\/wp-spd-ob\/wp-json\/wp\/v2\/quellen?post=131"}],"curies":[{"name":"wp","href":"https:\/\/api.w.org\/{rel}","templated":true}]}}